{"id":36658,"date":"2020-02-25T13:41:17","date_gmt":"2020-02-25T16:41:17","guid":{"rendered":"https:\/\/informateesquina.com\/?p=36658"},"modified":"2020-02-25T13:41:17","modified_gmt":"2020-02-25T16:41:17","slug":"un-nene-de-10-anos-se-colgo-de-la-cama-los-padres-estan-detenidos","status":"publish","type":"post","link":"http:\/\/informateesquina.com\/?p=36658","title":{"rendered":"Un nene de 10 a\u00f1os se colg\u00f3 de la cama, los padres est\u00e1n detenidos"},"content":{"rendered":"<p style=\"text-align: center;\">Santa Fe-\u00a0 Los progenitores estar\u00e1n 60 d\u00edas presos por privaci\u00f3n ileg\u00edtima de la libertad y abandono de persona, hasta que los <strong>hermanos<\/strong> de la infortunada v\u00edctima sean entrevistados por un grupo de especialistas en la tradicional pericia de c\u00e1mara Gesell.<\/p>\n<p>La madre y el padrastro de un ni\u00f1o de 10 a\u00f1os que perdi\u00f3 la vida en la ciudad santafesina de Reconquista tras haberse colgado de una cama cucheta estar\u00e1n en prisi\u00f3n preventiva durante 60 d\u00edas por los presuntos delitos de &#8220;privaci\u00f3n ileg\u00edtima de la libertad con abandono de persona seguido de muerte&#8221;.<\/p>\n<div class=\"google-auto-placed ap_container\"><ins class=\"adsbygoogle adsbygoogle-noablate\" data-ad-format=\"auto\" data-ad-client=\"ca-pub-3130815115122286\" data-adsbygoogle-status=\"done\"><ins id=\"aswift_1_expand\"><ins id=\"aswift_1_anchor\"><iframe id=\"aswift_1\" name=\"aswift_1\" width=\"288\" height=\"240\" frameborder=\"0\" marginwidth=\"0\" marginheight=\"0\" scrolling=\"no\" allowfullscreen=\"allowfullscreen\" data-mce-fragment=\"1\"><\/iframe><\/ins><\/ins><\/ins><\/div>\n<p>Esta medida cautelar fue acordada por el fiscal Juan Sebasti\u00e1n Marichal y la defensa de los imputados Evelyn Daiana Lencina, de 26 a\u00f1os, madre del menor fallecido, y Carlos Daniel Vicentin, de 42, padrastro del chiquillo. Trascendi\u00f3 que la prisi\u00f3n preventiva ser\u00e1 por 60 d\u00edas, hasta que los hermanos de la infortunada v\u00edctima sean entrevistados por un grupo de especialistas en la tradicional pericia de c\u00e1mara Gesell.<\/p>\n<p>Marichal, que encabeza la investigaci\u00f3n iniciada tras la muerte del menor, ocurrida 12 d\u00edas despu\u00e9s de que fuera encontrado asfixiado, solicit\u00f3 esta medida al magistrado Gustavo Gon, quien acept\u00f3 el pedido en funci\u00f3n del acuerdo al que arrib\u00f3 la fiscal\u00eda con la defensa de los involucrados en el tremendo episodio, que caus\u00f3 enorme consternaci\u00f3n.<\/p>\n<div class=\"google-auto-placed ap_container\"><ins class=\"adsbygoogle adsbygoogle-noablate\" data-ad-format=\"auto\" data-ad-client=\"ca-pub-3130815115122286\" data-adsbygoogle-status=\"done\"><ins id=\"aswift_2_expand\"><ins id=\"aswift_2_anchor\"><iframe id=\"aswift_2\" name=\"aswift_2\" width=\"288\" height=\"240\" frameborder=\"0\" marginwidth=\"0\" marginheight=\"0\" scrolling=\"no\" allowfullscreen=\"allowfullscreen\" data-mce-fragment=\"1\"><\/iframe><\/ins><\/ins><\/ins><\/div>\n<p>El hecho ocurri\u00f3 el 6 de febrero por la noche, cuando el menor fue hallado asfixiado por ahorcamiento en una vivienda del Barrio Virgen de Guadalupe, en la mencionada localidad santafesina. El ni\u00f1o fue trasladado al Hospital Reconquista, donde muri\u00f3 doce d\u00edas despu\u00e9s a ra\u00edz de la gravedad de las lesiones que presentaba.<\/p>\n","protected":false},"excerpt":{"rendered":"<p>Santa Fe-\u00a0 Los progenitores estar\u00e1n 60 d\u00edas presos por privaci\u00f3n ileg\u00edtima de la libertad y abandono de persona, hasta que los hermanos de la infortunada v\u00edctima sean entrevistados por un grupo de especialistas en la tradicional pericia de c\u00e1mara Gesell. La madre y el padrastro de un ni\u00f1o de 10 a\u00f1os que perdi\u00f3 la vida [&hellip;]<\/p>\n","protected":false},"author":1,"featured_media":36659,"comment_status":"closed","ping_status":"closed","sticky":false,"template":"","format":"standard","meta":{"footnotes":""},"categories":[8],"tags":[],"class_list":["post-36658","post","type-post","status-publish","format-standard","has-post-thumbnail","hentry","category-policiales"],"_links":{"self":[{"href":"http:\/\/informateesquina.com\/index.php?rest_route=\/wp\/v2\/posts\/36658","targetHints":{"allow":["GET"]}}],"collection":[{"href":"http:\/\/informateesquina.com\/index.php?rest_route=\/wp\/v2\/posts"}],"about":[{"href":"http:\/\/informateesquina.com\/index.php?rest_route=\/wp\/v2\/types\/post"}],"author":[{"embeddable":true,"href":"http:\/\/informateesquina.com\/index.php?rest_route=\/wp\/v2\/users\/1"}],"replies":[{"embeddable":true,"href":"http:\/\/informateesquina.com\/index.php?rest_route=%2Fwp%2Fv2%2Fcomments&post=36658"}],"version-history":[{"count":0,"href":"http:\/\/informateesquina.com\/index.php?rest_route=\/wp\/v2\/posts\/36658\/revisions"}],"wp:featuredmedia":[{"embeddable":true,"href":"http:\/\/informateesquina.com\/index.php?rest_route=\/"}],"wp:attachment":[{"href":"http:\/\/informateesquina.com\/index.php?rest_route=%2Fwp%2Fv2%2Fmedia&parent=36658"}],"wp:term":[{"taxonomy":"category","embeddable":true,"href":"http:\/\/informateesquina.com\/index.php?rest_route=%2Fwp%2Fv2%2Fcategories&post=36658"},{"taxonomy":"post_tag","embeddable":true,"href":"http:\/\/informateesquina.com\/index.php?rest_route=%2Fwp%2Fv2%2Ftags&post=36658"}],"curies":[{"name":"wp","href":"https:\/\/api.w.org\/{rel}","templated":true}]}}