{"id":36661,"date":"2020-02-25T18:42:12","date_gmt":"2020-02-25T21:42:12","guid":{"rendered":"https:\/\/informateesquina.com\/?p=36661"},"modified":"2020-02-25T18:42:12","modified_gmt":"2020-02-25T21:42:12","slug":"georgina-barbarossa-se-cayo-sobre-el-escenario-en-plena-funcion-en-villa-carlos-paz","status":"publish","type":"post","link":"http:\/\/informateesquina.com\/?p=36661","title":{"rendered":"Georgina Barbarossa se cay\u00f3 sobre el escenario en plena funci\u00f3n en Villa Carlos Paz"},"content":{"rendered":"<p><span class=\"subheadline\">La actriz es parte del elenco de \u201cUn estreno o un velorio\u201d, la obra que encabeza Flavio Mendoza en el Teatro Luxor.\u00a0<\/span><\/p>\n<div class=\"row pb-content-type-text\">\n<div class=\"col-xs-12 col-print-12\">\n<p class=\"element element-paragraph\"><b>Georgina Barbarossa\u00a0<\/b>sufri\u00f3 un accidente el \u00faltimo fin de semana mientras realizaba la funci\u00f3n de\u00a0<i><b>Un estreno o un velorio<\/b><\/i>, el espect\u00e1culo teatral que encabeza Flavio Mendoza en la temporada de\u00a0<b>Villa Carlos Paz<\/b>. La actriz comparte elenco junto a Betiana Blum, Nicol\u00e1s Scarpino y Daniel Ar\u00e1oz en el Teatro Luxor de la ciudad cordobesa.<\/p>\n<\/div>\n<\/div>\n<div class=\"row pb-content-type-text\">\n<div class=\"col-xs-12 col-print-12\">\n<p class=\"element element-paragraph\">Mientras realizaba la primera funci\u00f3n de la noche, la artista caminaba sobre el escenario cuando tropez\u00f3 con la cola del vestido que llevaba puesto para dicha escena y cay\u00f3. R\u00e1pidamente fue asistida por sus compa\u00f1eros, que la ayudaron a incorporarse y ponerse de pie. Cuando lo logr\u00f3, recibi\u00f3 un aplauso y ovaci\u00f3n de todo el p\u00fablico presente.<\/p>\n<\/div>\n<\/div>\n<div class=\"row pb-content-type-text\">\n<div class=\"col-xs-12 col-print-12\">\n<p class=\"element element-paragraph\">Seg\u00fan pudo saber\u00a0<mark class=\"hl_red\"><b>Teleshow<\/b><\/mark>, la actriz no sufri\u00f3 heridas de gravedad y logr\u00f3 continuar la funci\u00f3n con total normalidad. Adem\u00e1s, pudo realizar la segunda funci\u00f3n que ya estaba programada. Horas despu\u00e9s del accidente, Georgina disfrut\u00f3 de la visita de sus hijos -los mellizos\u00a0<b>Juan y Tom\u00e1s<\/b>&#8211; en la casa que alquil\u00f3 en Villa Carlos Paz durante la estad\u00eda de la temporada de verano.\u00a0<b>\u201cNo fue nada grave. Se trat\u00f3 de una ca\u00edda menor, solo se llev\u00f3 un susto\u201d<\/b>, indicaron desde la producci\u00f3n del espect\u00e1culo que encabeza Flavio Mendoza.<\/p>\n<\/div>\n<\/div>\n<div class=\"row pb-content-type-text\">\n<div class=\"col-xs-12 col-print-12\">\n<p class=\"element element-paragraph\">Tal como est\u00e1 establecido, los martes no hay funci\u00f3n de\u00a0<i><b>Un estreno o un velorio<\/b><\/i>, de manera tal que Barbarossa aprovechar\u00e1 para descansar y disfrutar de sus hijos, y el mi\u00e9rcoles se presentar\u00e1 nuevamente en el Teatro Luxor para continuar con su actividad laboral.<\/p>\n<div class=\"row pb-content-type-text\">\n<div class=\"col-xs-12 col-print-12\"><\/div>\n<\/div>\n<div class=\"row pb-content-type-image\">\n<figure class=\"element element-image col-xs-12\">\n<div class=\"single-image\">\n<p><img decoding=\"async\" id=\"IG4CW4IZ7FDYHC27P57IASNYCY\" class=\"image-lazy\" src=\"https:\/\/www.infobae.com\/new-resizer\/gRLtI08txZXdbJ5uw6nuS6efmrU=\/750x0\/filters:quality(100)\/arc-anglerfish-arc2-prod-infobae.s3.amazonaws.com\/public\/IG4CW4IZ7FDYHC27P57IASNYCY.jpg\" alt=\"Georgina Barbarossa junto a sus hijos, Juan y Tom\u00e1s\" width=\"750\" height=\"731.25\" data-url=\"https:\/\/www.infobae.com\/teleshow\/infoshow\/2020\/02\/25\/georgina-barbarossa-se-cayo-sobre-el-escenario-en-plena-funcion-en-villa-carlos-paz\/%23IG4CW4IZ7FDYHC27P57IASNYCY\" data-original=\"https:\/\/www.infobae.com\/new-resizer\/gRLtI08txZXdbJ5uw6nuS6efmrU=\/750x0\/filters:quality(100)\/arc-anglerfish-arc2-prod-infobae.s3.amazonaws.com\/public\/IG4CW4IZ7FDYHC27P57IASNYCY.jpg\" \/><\/p>\n<div class=\"row pb-content-type-text\">\n<div class=\"col-xs-12 col-print-12\">\n<p class=\"element element-paragraph\">La comedia\u00a0<i>Un estreno o un velorio<\/i>\u00a0cuenta la historia de un estreno en el que Nicky Sanz cubre el rol de una gran vedette en una revista que produce un empresario, marido de una diva. Esta gran diva simula su muerte para vengarse de Nicky e impedir su estreno. Los lunes hay doble funci\u00f3n (a las 22 y 0) y de mi\u00e9rcoles a domingom a las 22. Escrita por Marcos Carnevale, el espect\u00e1culo es apto para todo p\u00fablico y los menores abonan entrada a partir de los seis a\u00f1os.<\/p>\n<\/div>\n<\/div>\n<div class=\"row pb-content-type-text\">\n<div class=\"col-xs-12 col-print-12\">\n<p class=\"element element-paragraph\">En la \u00faltima ceremonia de los Premios Carlos, el espect\u00e1culo se llev\u00f3 11 estatuillas y la actriz comparti\u00f3 su felicidad a trav\u00e9s de las redes sociales. \u201cUn placer y una alegr\u00eda estar todas las noches trabajando en esta obra maravillosa. Gracias, Flavio, por convocarme porque realmente estoy muy feliz. Felicitaciones a todos los ganadores\u201d, escribi\u00f3 en su cuenta de Instagram, red social en la que tambi\u00e9n comparti\u00f3 im\u00e1genes del reencuentro con sus hijos en Villa Carlos Paz.<\/p>\n<\/div>\n<\/div>\n<\/div>\n<\/figure>\n<\/div>\n<\/div>\n<\/div>\n","protected":false},"excerpt":{"rendered":"<p>La actriz es parte del elenco de \u201cUn estreno o un velorio\u201d, la obra que encabeza Flavio Mendoza en el Teatro Luxor.\u00a0 Georgina Barbarossa\u00a0sufri\u00f3 un accidente el \u00faltimo fin de semana mientras realizaba la funci\u00f3n de\u00a0Un estreno o un velorio, el espect\u00e1culo teatral que encabeza Flavio Mendoza en la temporada de\u00a0Villa Carlos Paz. La actriz [&hellip;]<\/p>\n","protected":false},"author":1,"featured_media":36662,"comment_status":"closed","ping_status":"closed","sticky":false,"template":"","format":"video","meta":{"footnotes":""},"categories":[4],"tags":[],"class_list":["post-36661","post","type-post","status-publish","format-video","has-post-thumbnail","hentry","category-espectaculos","post_format-post-format-video"],"_links":{"self":[{"href":"http:\/\/informateesquina.com\/index.php?rest_route=\/wp\/v2\/posts\/36661","targetHints":{"allow":["GET"]}}],"collection":[{"href":"http:\/\/informateesquina.com\/index.php?rest_route=\/wp\/v2\/posts"}],"about":[{"href":"http:\/\/informateesquina.com\/index.php?rest_route=\/wp\/v2\/types\/post"}],"author":[{"embeddable":true,"href":"http:\/\/informateesquina.com\/index.php?rest_route=\/wp\/v2\/users\/1"}],"replies":[{"embeddable":true,"href":"http:\/\/informateesquina.com\/index.php?rest_route=%2Fwp%2Fv2%2Fcomments&post=36661"}],"version-history":[{"count":0,"href":"http:\/\/informateesquina.com\/index.php?rest_route=\/wp\/v2\/posts\/36661\/revisions"}],"wp:featuredmedia":[{"embeddable":true,"href":"http:\/\/informateesquina.com\/index.php?rest_route=\/"}],"wp:attachment":[{"href":"http:\/\/informateesquina.com\/index.php?rest_route=%2Fwp%2Fv2%2Fmedia&parent=36661"}],"wp:term":[{"taxonomy":"category","embeddable":true,"href":"http:\/\/informateesquina.com\/index.php?rest_route=%2Fwp%2Fv2%2Fcategories&post=36661"},{"taxonomy":"post_tag","embeddable":true,"href":"http:\/\/informateesquina.com\/index.php?rest_route=%2Fwp%2Fv2%2Ftags&post=36661"}],"curies":[{"name":"wp","href":"https:\/\/api.w.org\/{rel}","templated":true}]}}