{"id":36667,"date":"2020-02-25T18:56:17","date_gmt":"2020-02-25T21:56:17","guid":{"rendered":"https:\/\/informateesquina.com\/?p=36667"},"modified":"2020-02-25T18:56:17","modified_gmt":"2020-02-25T21:56:17","slug":"puerto-deseado-mujer-abusada-regresa-a-salta-con-los-restos-de-su-hijito","status":"publish","type":"post","link":"http:\/\/informateesquina.com\/?p=36667","title":{"rendered":"Puerto Deseado: mujer abusada regresa a Salta con los restos de su hijito"},"content":{"rendered":"<div class=\"title-top\">\n<div class=\"inner-container\">\n<h6 class=\"title-font font-700\">La v\u00edctima del ataque sexual dej\u00f3 el Hospital Distrital santacruce\u00f1o y abord\u00f3 un vuelo con destino a Buenos Aires. Desde all\u00ed, partir\u00e1 hac\u00eda la provincia en la que vive y finalmente llegar\u00e1 a Rosario de la Frontera el pr\u00f3ximo mi\u00e9rcoles.<\/h6>\n<\/div>\n<\/div>\n<div class=\"inner-container clearfix\">\n<div class=\"nota-body-container nota-970\">\n<div class=\"title\">\n<p>La mujer que fue violada en la localidad santacruce\u00f1a de Puerto Deseado emprendi\u00f3 este martes su regreso a\u00a0Salta, provincia en la que reside, junto con los restos de su hijo de 4 a\u00f1os, asesinado en el mismo hecho, informaron en esta jornada fuentes sanitarias y judiciales.<\/p>\n<p>La v\u00edctima del ataque sexual dej\u00f3 esta madrugada el Hospital Distrital de Puerto Deseado, situado en Espa\u00f1a 280 de esa ciudad, junto a su esposo, su hija y el hijo que viv\u00eda all\u00ed.<\/p>\n<section class=\"related-entrys-container\">\n<div class=\"extra-container\">\n<h4><strong>Los cuatro, junto con el f\u00e9retro del menor de 4 a\u00f1os asesinado el pasado jueves, partieron a las 7.30 rumbo a la ciudad de Comodoro Rivadavia, desde donde abordar\u00e1n un vuelo a Buenos Aires primero y luego a Salta, para retornar a su domicilio en la ciudad de Rosario de la Frontera, adonde se estima que llegar\u00e1n el pr\u00f3ximo mi\u00e9rcoles.<\/strong><\/h4>\n<\/div>\n<\/section>\n<p>Por \u00faltimo, el \u00faltimo lunes en horas de la noche, los familiares de<strong>\u00a0las v\u00edctimas salieron a la puerta del centro asistencial para\u00a0agradecer<\/strong>\u00a0el acompa\u00f1amiento de los vecinos y de la prensa que sigui\u00f3 de cerca el caso.<\/p>\n<\/div>\n<\/div>\n<\/div>\n","protected":false},"excerpt":{"rendered":"<p>La v\u00edctima del ataque sexual dej\u00f3 el Hospital Distrital santacruce\u00f1o y abord\u00f3 un vuelo con destino a Buenos Aires. Desde all\u00ed, partir\u00e1 hac\u00eda la provincia en la que vive y finalmente llegar\u00e1 a Rosario de la Frontera el pr\u00f3ximo mi\u00e9rcoles. La mujer que fue violada en la localidad santacruce\u00f1a de Puerto Deseado emprendi\u00f3 este martes [&hellip;]<\/p>\n","protected":false},"author":1,"featured_media":36668,"comment_status":"closed","ping_status":"closed","sticky":false,"template":"","format":"gallery","meta":{"footnotes":""},"categories":[8],"tags":[],"class_list":["post-36667","post","type-post","status-publish","format-gallery","has-post-thumbnail","hentry","category-policiales","post_format-post-format-gallery"],"_links":{"self":[{"href":"http:\/\/informateesquina.com\/index.php?rest_route=\/wp\/v2\/posts\/36667","targetHints":{"allow":["GET"]}}],"collection":[{"href":"http:\/\/informateesquina.com\/index.php?rest_route=\/wp\/v2\/posts"}],"about":[{"href":"http:\/\/informateesquina.com\/index.php?rest_route=\/wp\/v2\/types\/post"}],"author":[{"embeddable":true,"href":"http:\/\/informateesquina.com\/index.php?rest_route=\/wp\/v2\/users\/1"}],"replies":[{"embeddable":true,"href":"http:\/\/informateesquina.com\/index.php?rest_route=%2Fwp%2Fv2%2Fcomments&post=36667"}],"version-history":[{"count":0,"href":"http:\/\/informateesquina.com\/index.php?rest_route=\/wp\/v2\/posts\/36667\/revisions"}],"wp:featuredmedia":[{"embeddable":true,"href":"http:\/\/informateesquina.com\/index.php?rest_route=\/"}],"wp:attachment":[{"href":"http:\/\/informateesquina.com\/index.php?rest_route=%2Fwp%2Fv2%2Fmedia&parent=36667"}],"wp:term":[{"taxonomy":"category","embeddable":true,"href":"http:\/\/informateesquina.com\/index.php?rest_route=%2Fwp%2Fv2%2Fcategories&post=36667"},{"taxonomy":"post_tag","embeddable":true,"href":"http:\/\/informateesquina.com\/index.php?rest_route=%2Fwp%2Fv2%2Ftags&post=36667"}],"curies":[{"name":"wp","href":"https:\/\/api.w.org\/{rel}","templated":true}]}}