{"id":36670,"date":"2020-02-25T19:34:42","date_gmt":"2020-02-25T22:34:42","guid":{"rendered":"https:\/\/informateesquina.com\/?p=36670"},"modified":"2020-02-25T19:34:42","modified_gmt":"2020-02-25T22:34:42","slug":"desmienten-versiones-sobre-caso-de-coronavirus-en-el-chaco","status":"publish","type":"post","link":"http:\/\/informateesquina.com\/?p=36670","title":{"rendered":"Desmienten versiones sobre caso de coronavirus en el Chaco"},"content":{"rendered":"<p class=\"copete\">El Gobierno sali\u00f3 a negar los rumores que se viralizaron por redes sociales.<\/p>\n<div class=\"fotos-y-videos\">\n<div class=\"tab-content\">\n<div id=\"fotos\" class=\"tab-pane fade in active\" role=\"tabpanel\"><a class=\"fotos-desarrollo unlink\" title=\"Desmienten versiones sobre caso de coronavirus en el Chaco\" href=\"https:\/\/www.radiosudamericana.com\/notix\/multimedia\/imagenes\/fotos\/2020-02-25\/615683.jpg\"><img decoding=\"async\" class=\"img-responsive lazyload center-block\" src=\"https:\/\/www.radiosudamericana.com\/notix\/multimedia\/imagenes\/fotos\/2020-02-25\/615683.jpg\" alt=\"foto: Desmienten versiones sobre caso de coronavirus en el Chaco\" \/><\/a><\/p>\n<div class=\"thumbs\"><\/div>\n<\/div>\n<\/div>\n<\/div>\n<p>&nbsp;<\/p>\n<div class=\"cuerpo\">\n<p><em><strong>La fake news sobre coronavirus en Resistencia.<\/strong><\/em><\/p>\n<p>El Ministerio de Salud P\u00fablica sali\u00f3 a desmentir versiones sobre supuesto caso de\u00a0coronavirus\u00a0en un sanatorio de la ciudad de Resistencia.<\/p>\n<p>Por medio de un comunicado oficial, el Gobierno desestim\u00f3 el rumor que circul\u00f3 por redes sociales, que se trat\u00f3 de una fake news.<\/p>\n<p>Asimismo, autoridades sanitarias llevaron tranquilidad a la poblaci\u00f3n al asegurar que\u00a0la provincia cuenta con un Sistema de Vigilancia de Enfermedades Respiratorias Agudas-Graves y una red de comunicaci\u00f3n con el sector privado, para garantizar informaci\u00f3n fehaciente para la toma de decisiones.<\/p>\n<p>\u201cNos encontramos en alerta y en constante comunicaci\u00f3n con el sector privado, tanto por dengue, como por coronavirus, por lo que\u00a0le pedimos a la gente tranquilidad y nos comprometemos a informar oportunamente sobre cualquier caso sospechoso que pudiera suscitarse\u201d, expres\u00f3 la ministra de Salud,\u00a0Paola Ben\u00edtez.<\/p>\n<p>Por su parte, la directora de Epidemiolog\u00eda de la Provincia, Mar\u00eda Elisa Flores, asegur\u00f3 que en el sistema de la vigilancia de la provincia,\u00a0no existe ninguna notificaci\u00f3n sobre coronavirus.<\/p>\n<p>\u201cAdem\u00e1s, estamos en contacto permanente con el sanatorio, los m\u00e9dicos y bioqu\u00edmicos del laboratorio, quienes personalmente aseguraron no haber tenido ning\u00fan paciente que presentara caracter\u00edsticas de enfermedades respiratorias\u201d, coment\u00f3 la funcionaria.<\/p>\n<p>FUENTE: DATA CHACO<\/p>\n<\/div>\n","protected":false},"excerpt":{"rendered":"<p>El Gobierno sali\u00f3 a negar los rumores que se viralizaron por redes sociales. &nbsp; La fake news sobre coronavirus en Resistencia. El Ministerio de Salud P\u00fablica sali\u00f3 a desmentir versiones sobre supuesto caso de\u00a0coronavirus\u00a0en un sanatorio de la ciudad de Resistencia. Por medio de un comunicado oficial, el Gobierno desestim\u00f3 el rumor que circul\u00f3 por [&hellip;]<\/p>\n","protected":false},"author":1,"featured_media":36671,"comment_status":"closed","ping_status":"closed","sticky":false,"template":"","format":"standard","meta":{"footnotes":""},"categories":[11],"tags":[],"class_list":["post-36670","post","type-post","status-publish","format-standard","has-post-thumbnail","hentry","category-sociedad"],"_links":{"self":[{"href":"http:\/\/informateesquina.com\/index.php?rest_route=\/wp\/v2\/posts\/36670","targetHints":{"allow":["GET"]}}],"collection":[{"href":"http:\/\/informateesquina.com\/index.php?rest_route=\/wp\/v2\/posts"}],"about":[{"href":"http:\/\/informateesquina.com\/index.php?rest_route=\/wp\/v2\/types\/post"}],"author":[{"embeddable":true,"href":"http:\/\/informateesquina.com\/index.php?rest_route=\/wp\/v2\/users\/1"}],"replies":[{"embeddable":true,"href":"http:\/\/informateesquina.com\/index.php?rest_route=%2Fwp%2Fv2%2Fcomments&post=36670"}],"version-history":[{"count":0,"href":"http:\/\/informateesquina.com\/index.php?rest_route=\/wp\/v2\/posts\/36670\/revisions"}],"wp:featuredmedia":[{"embeddable":true,"href":"http:\/\/informateesquina.com\/index.php?rest_route=\/"}],"wp:attachment":[{"href":"http:\/\/informateesquina.com\/index.php?rest_route=%2Fwp%2Fv2%2Fmedia&parent=36670"}],"wp:term":[{"taxonomy":"category","embeddable":true,"href":"http:\/\/informateesquina.com\/index.php?rest_route=%2Fwp%2Fv2%2Fcategories&post=36670"},{"taxonomy":"post_tag","embeddable":true,"href":"http:\/\/informateesquina.com\/index.php?rest_route=%2Fwp%2Fv2%2Ftags&post=36670"}],"curies":[{"name":"wp","href":"https:\/\/api.w.org\/{rel}","templated":true}]}}