{"id":36814,"date":"2020-02-26T13:23:26","date_gmt":"2020-02-26T16:23:26","guid":{"rendered":"https:\/\/informateesquina.com\/?p=36814"},"modified":"2020-02-26T13:23:26","modified_gmt":"2020-02-26T16:23:26","slug":"goya-condenaron-a-cadena-perpetua-al-hombre-que-mato-a-mazazos-a-su-pareja","status":"publish","type":"post","link":"http:\/\/informateesquina.com\/?p=36814","title":{"rendered":"Goya: Condenaron a cadena perpetua al hombre que mat\u00f3 a mazazos a su pareja"},"content":{"rendered":"<p>En un fallo un\u00e1nime el Tribunal Oral Penal de Goya, conden\u00f3 a cadena perpetua a\u00a0 Omar Casta\u00f1eda, quien estaba acusado de haber matado con un mazo a Sandra Bord\u00f3n, madre de su hijo de tres a\u00f1os.<\/p>\n<p>&#8220;Se hizo justicia por mi hermana Sandra&#8221;, expres\u00f3 Bety, tras el juicio, seg\u00fan public\u00f3 en Twitter, Juan Cruz Vel\u00e1zques, periodista goyano.<\/p>\n<p>Por otra parte, seg\u00fan informaci\u00f3n exclusiva a la que tuvo acceso &#8220;Radio Dos&#8221; el abogado defensor, Jos\u00e9 Luis Aguirre, que hab\u00eda solicitado la absoluci\u00f3n de Omar Casta\u00f1eda, dijo que apelar\u00e1 la decisi\u00f3n de los magistrados.<\/p>\n<p>El 4 de marzo se conocer\u00e1n los fundamentos de la sentencia.<\/p>\n<p>FUENTE: Radio Dos<\/p>\n","protected":false},"excerpt":{"rendered":"<p>En un fallo un\u00e1nime el Tribunal Oral Penal de Goya, conden\u00f3 a cadena perpetua a\u00a0 Omar Casta\u00f1eda, quien estaba acusado de haber matado con un mazo a Sandra Bord\u00f3n, madre de su hijo de tres a\u00f1os. &#8220;Se hizo justicia por mi hermana Sandra&#8221;, expres\u00f3 Bety, tras el juicio, seg\u00fan public\u00f3 en Twitter, Juan Cruz Vel\u00e1zques, [&hellip;]<\/p>\n","protected":false},"author":1,"featured_media":36816,"comment_status":"closed","ping_status":"closed","sticky":false,"template":"","format":"standard","meta":{"footnotes":""},"categories":[8],"tags":[],"class_list":["post-36814","post","type-post","status-publish","format-standard","has-post-thumbnail","hentry","category-policiales"],"_links":{"self":[{"href":"http:\/\/informateesquina.com\/index.php?rest_route=\/wp\/v2\/posts\/36814","targetHints":{"allow":["GET"]}}],"collection":[{"href":"http:\/\/informateesquina.com\/index.php?rest_route=\/wp\/v2\/posts"}],"about":[{"href":"http:\/\/informateesquina.com\/index.php?rest_route=\/wp\/v2\/types\/post"}],"author":[{"embeddable":true,"href":"http:\/\/informateesquina.com\/index.php?rest_route=\/wp\/v2\/users\/1"}],"replies":[{"embeddable":true,"href":"http:\/\/informateesquina.com\/index.php?rest_route=%2Fwp%2Fv2%2Fcomments&post=36814"}],"version-history":[{"count":0,"href":"http:\/\/informateesquina.com\/index.php?rest_route=\/wp\/v2\/posts\/36814\/revisions"}],"wp:featuredmedia":[{"embeddable":true,"href":"http:\/\/informateesquina.com\/index.php?rest_route=\/"}],"wp:attachment":[{"href":"http:\/\/informateesquina.com\/index.php?rest_route=%2Fwp%2Fv2%2Fmedia&parent=36814"}],"wp:term":[{"taxonomy":"category","embeddable":true,"href":"http:\/\/informateesquina.com\/index.php?rest_route=%2Fwp%2Fv2%2Fcategories&post=36814"},{"taxonomy":"post_tag","embeddable":true,"href":"http:\/\/informateesquina.com\/index.php?rest_route=%2Fwp%2Fv2%2Ftags&post=36814"}],"curies":[{"name":"wp","href":"https:\/\/api.w.org\/{rel}","templated":true}]}}