{"id":36815,"date":"2020-02-26T13:26:54","date_gmt":"2020-02-26T16:26:54","guid":{"rendered":"https:\/\/informateesquina.com\/?p=36815"},"modified":"2020-02-26T13:26:54","modified_gmt":"2020-02-26T16:26:54","slug":"asumio-el-nuevo-subsecretario-de-asuntos-de-estado-jose-vassel","status":"publish","type":"post","link":"http:\/\/informateesquina.com\/?p=36815","title":{"rendered":"Asumi\u00f3 el nuevo subsecretario de Asuntos de Estado, Jos\u00e9 Vassel"},"content":{"rendered":"<p class=\"x_MsoNormal\" style=\"text-align: center;\"><strong><em><span lang=\"ES-AR\">En el mediod\u00eda de este mi\u00e9rcoles, el ministro de Coordinaci\u00f3n y Planificaci\u00f3n, Horacio Ortega, puso en posesi\u00f3n de la Subsecretar\u00eda de Asuntos de Estado al ex legislador Jos\u00e9 Vassel, en un acto realizado en el Sal\u00f3n Verde de Casa de Gobierno.<\/span><\/em><\/strong><\/p>\n<p>&nbsp;<\/p>\n<p class=\"x_MsoNormal\"><span lang=\"ES-AR\">El flamante funcionario asumi\u00f3 la conducci\u00f3n de la mencionada \u00e1rea perteneciente al Ministerio de Coordinaci\u00f3n y Planificaci\u00f3n, en reemplazo de Gustavo Rodr\u00edguez. Cabe remarcar que Vassel se desempe\u00f1\u00f3 como concejal de la ciudad de Goya durante tres per\u00edodos y como diputado provincial entre 2013 y 2017.<\/span><\/p>\n<p class=\"x_MsoNormal\"><span lang=\"ES-AR\">Durante el acto, el ministro Ortega entreg\u00f3 la copia del Decreto en el cual el gobernador Gustavo Vald\u00e9s designa a Vassel.<\/span><\/p>\n<p class=\"x_MsoNormal\"><span lang=\"ES-AR\">&#8220;Nos llena de orgullo que Jos\u00e9 ocupe este cargo porque sabemos de su calidad como persona y su idoneidad. Tiene trayectoria y una sensibilidad social importante, que sin duda ayudar\u00e1 a dinamizar la relaci\u00f3n entre el Gobierno y los municipios de la Provincia&#8221;, dijo el titular de Coordinaci\u00f3n, a la vez que le dese\u00f3 una buena gesti\u00f3n al nuevo funcionario.<\/span><\/p>\n<p class=\"x_MsoNormal\"><span lang=\"ES-AR\">Se encontraban presentes tambi\u00e9n, los ministros de Justicia y Derechos Humanos, Buenaventura Duarte; Seguridad, Juan Jos\u00e9 L\u00f3pez Desimoni; y de Turismo, Sebasti\u00e1n Slobayen; el senador nacional Pedro Braillard Poccard; el presidente de la C\u00e1mara de Diputados de Corrientes, Pedro Cassani; el subsecretario saliente, Gustavo Rodr\u00edguez; entre otros funcionarios provinciales.<\/span><\/p>\n","protected":false},"excerpt":{"rendered":"<p>En el mediod\u00eda de este mi\u00e9rcoles, el ministro de Coordinaci\u00f3n y Planificaci\u00f3n, Horacio Ortega, puso en posesi\u00f3n de la Subsecretar\u00eda de Asuntos de Estado al ex legislador Jos\u00e9 Vassel, en un acto realizado en el Sal\u00f3n Verde de Casa de Gobierno. &nbsp; El flamante funcionario asumi\u00f3 la conducci\u00f3n de la mencionada \u00e1rea perteneciente al Ministerio [&hellip;]<\/p>\n","protected":false},"author":1,"featured_media":36818,"comment_status":"closed","ping_status":"closed","sticky":false,"template":"","format":"standard","meta":{"footnotes":""},"categories":[9,10],"tags":[136],"class_list":["post-36815","post","type-post","status-publish","format-standard","has-post-thumbnail","hentry","category-politica","category-provinciales","tag-destacados"],"_links":{"self":[{"href":"http:\/\/informateesquina.com\/index.php?rest_route=\/wp\/v2\/posts\/36815","targetHints":{"allow":["GET"]}}],"collection":[{"href":"http:\/\/informateesquina.com\/index.php?rest_route=\/wp\/v2\/posts"}],"about":[{"href":"http:\/\/informateesquina.com\/index.php?rest_route=\/wp\/v2\/types\/post"}],"author":[{"embeddable":true,"href":"http:\/\/informateesquina.com\/index.php?rest_route=\/wp\/v2\/users\/1"}],"replies":[{"embeddable":true,"href":"http:\/\/informateesquina.com\/index.php?rest_route=%2Fwp%2Fv2%2Fcomments&post=36815"}],"version-history":[{"count":0,"href":"http:\/\/informateesquina.com\/index.php?rest_route=\/wp\/v2\/posts\/36815\/revisions"}],"wp:featuredmedia":[{"embeddable":true,"href":"http:\/\/informateesquina.com\/index.php?rest_route=\/"}],"wp:attachment":[{"href":"http:\/\/informateesquina.com\/index.php?rest_route=%2Fwp%2Fv2%2Fmedia&parent=36815"}],"wp:term":[{"taxonomy":"category","embeddable":true,"href":"http:\/\/informateesquina.com\/index.php?rest_route=%2Fwp%2Fv2%2Fcategories&post=36815"},{"taxonomy":"post_tag","embeddable":true,"href":"http:\/\/informateesquina.com\/index.php?rest_route=%2Fwp%2Fv2%2Ftags&post=36815"}],"curies":[{"name":"wp","href":"https:\/\/api.w.org\/{rel}","templated":true}]}}