{"id":36820,"date":"2020-02-26T15:41:51","date_gmt":"2020-02-26T18:41:51","guid":{"rendered":"https:\/\/informateesquina.com\/?p=36820"},"modified":"2020-02-26T15:41:51","modified_gmt":"2020-02-26T18:41:51","slug":"femicidio-en-paraguay-mataron-a-punaladas-a-una-chef-argentina","status":"publish","type":"post","link":"http:\/\/informateesquina.com\/?p=36820","title":{"rendered":"Femicidio en Paraguay: mataron a pu\u00f1aladas a una chef argentina"},"content":{"rendered":"<p class=\"copete\">Una\u00a0chef argentina, que hab\u00eda nacido en La Plata y se encontraba radicada desde hac\u00eda ocho a\u00f1os en\u00a0Paraguay, fue\u00a0asesinada a pu\u00f1aladas\u00a0en su casa de la ciudad de\u00a0Luque. Un joven, que supuestamente habr\u00eda confesado el hecho, fue detenido acusado de ser el autor del\u00a0femicidio\u00a0de\u00a0Mar\u00eda F\u00e1tima D\u00edaz, de 41 a\u00f1os.<\/p>\n<div class=\"fotos-y-videos\">\n<div class=\"tab-content\">\n<div id=\"fotos\" class=\"tab-pane fade in active\" role=\"tabpanel\"><a class=\"fotos-desarrollo unlink\" title=\"Femicidio en Paraguay: mataron a pu\u00f1aladas a una chef argentina\" href=\"https:\/\/www.radiosudamericana.com\/notix\/multimedia\/imagenes\/fotos\/2020-02-26\/274402.jpg\"><img decoding=\"async\" class=\"img-responsive lazyload center-block\" src=\"https:\/\/www.radiosudamericana.com\/notix\/multimedia\/imagenes\/fotos\/2020-02-26\/274402.jpg\" alt=\"foto: Femicidio en Paraguay: mataron a pu\u00f1aladas a una chef argentina\" \/><\/a><\/div>\n<\/div>\n<\/div>\n<p>&nbsp;<\/p>\n<div class=\"cuerpo\">\n<p>El hecho ocurri\u00f3 la noche del martes en la casa de la v\u00edctima, a 13 kil\u00f3metros de la ciudad de Asunci\u00f3n. Seg\u00fan inform\u00f3 a la prensa local el comisario general\u00a0Carlos Aguilera, a cargo de la pesquisa, por el crimen fue detenido un joven identificado como\u00a0Jorge Emmanuel Ramos L\u00f3pez, de 24 a\u00f1os, de nacionalidad paraguaya y cuyo nexo con la v\u00edctima es a\u00fan objeto de investigaci\u00f3n. El efectivo dijo que la polic\u00eda lleg\u00f3 al lugar del crimen alertada por los propios familiares del sospechoso: &#8220;\u00c9l les avis\u00f3 y se entreg\u00f3&#8221;, explic\u00f3.<\/p>\n<p>La fiscal a cargo de la causa,\u00a0Sandra Ledesma, detall\u00f3 desde la escena del crimen que la v\u00edctima &#8220;tiene varias heridas&#8221;, que encontraron &#8220;rastros de sangre por todos lados, (incluso) en la muralla del vecino&#8221; y que &#8220;fue arrastrada&#8221;. El hombre presentaba algunas heridas de menor importancia, lo que hac\u00eda presumir a los investigadores que la mujer podr\u00eda haber intentado defenderse.<\/p>\n<p>D\u00edaz se hab\u00eda radicado hace ocho a\u00f1os en La Plata y trabajaba como chef en un restaurante de Asunci\u00f3n.\u00a0El diario platense El D\u00eda indic\u00f3\u00a0que una hermana de la v\u00edctima que vive en la localidad de Tolosa se\u00f1al\u00f3 que los familiares de la joven ya viajaron a Paraguay para reconocer el cuerpo y repatriarlo.<\/p>\n<\/div>\n","protected":false},"excerpt":{"rendered":"<p>Una\u00a0chef argentina, que hab\u00eda nacido en La Plata y se encontraba radicada desde hac\u00eda ocho a\u00f1os en\u00a0Paraguay, fue\u00a0asesinada a pu\u00f1aladas\u00a0en su casa de la ciudad de\u00a0Luque. Un joven, que supuestamente habr\u00eda confesado el hecho, fue detenido acusado de ser el autor del\u00a0femicidio\u00a0de\u00a0Mar\u00eda F\u00e1tima D\u00edaz, de 41 a\u00f1os. &nbsp; El hecho ocurri\u00f3 la noche del martes [&hellip;]<\/p>\n","protected":false},"author":1,"featured_media":0,"comment_status":"closed","ping_status":"closed","sticky":false,"template":"","format":"standard","meta":{"footnotes":""},"categories":[8],"tags":[],"class_list":["post-36820","post","type-post","status-publish","format-standard","hentry","category-policiales"],"_links":{"self":[{"href":"http:\/\/informateesquina.com\/index.php?rest_route=\/wp\/v2\/posts\/36820","targetHints":{"allow":["GET"]}}],"collection":[{"href":"http:\/\/informateesquina.com\/index.php?rest_route=\/wp\/v2\/posts"}],"about":[{"href":"http:\/\/informateesquina.com\/index.php?rest_route=\/wp\/v2\/types\/post"}],"author":[{"embeddable":true,"href":"http:\/\/informateesquina.com\/index.php?rest_route=\/wp\/v2\/users\/1"}],"replies":[{"embeddable":true,"href":"http:\/\/informateesquina.com\/index.php?rest_route=%2Fwp%2Fv2%2Fcomments&post=36820"}],"version-history":[{"count":0,"href":"http:\/\/informateesquina.com\/index.php?rest_route=\/wp\/v2\/posts\/36820\/revisions"}],"wp:attachment":[{"href":"http:\/\/informateesquina.com\/index.php?rest_route=%2Fwp%2Fv2%2Fmedia&parent=36820"}],"wp:term":[{"taxonomy":"category","embeddable":true,"href":"http:\/\/informateesquina.com\/index.php?rest_route=%2Fwp%2Fv2%2Fcategories&post=36820"},{"taxonomy":"post_tag","embeddable":true,"href":"http:\/\/informateesquina.com\/index.php?rest_route=%2Fwp%2Fv2%2Ftags&post=36820"}],"curies":[{"name":"wp","href":"https:\/\/api.w.org\/{rel}","templated":true}]}}