{"id":36825,"date":"2020-02-26T16:11:03","date_gmt":"2020-02-26T19:11:03","guid":{"rendered":"https:\/\/informateesquina.com\/?p=36825"},"modified":"2020-02-26T16:11:03","modified_gmt":"2020-02-26T19:11:03","slug":"ni-bien-llego-a-su-pais-el-brasileno-con-coronavirus-hizo-una-fiesta-para-30-personas","status":"publish","type":"post","link":"http:\/\/informateesquina.com\/?p=36825","title":{"rendered":"Ni bien lleg\u00f3 a su pa\u00eds, el brasile\u00f1o con coronavirus hizo una fiesta para 30 personas"},"content":{"rendered":"<div class=\"title-top\">\n<div class=\"inner-container\">\n<h1 class=\"title-font font-700\">El primer latinoamericano diagnosticado con esta enfermedad arrib\u00f3 desde Italia con escala en Par\u00eds, y se junto con motivo de su regreso con varios familiares y amigos en la ciudad de San Pablo.<\/h1>\n<p>El ciudadano brasile\u00f1o est\u00e1 en su casa de San Pablo pero en situaci\u00f3n aislada luego de haber pasado por el Hospital israelita Albert Einstein, centro m\u00e9dico del barrio de Morumb\u00ed que en septiembre de 2018 atendi\u00f3 al presidente<strong>\u00a0Jair Bolsonaro\u00a0<\/strong>cuando en campa\u00f1a fue atacado con un cuchillo.<\/p>\n<p><em>&#8220;Est\u00e1 confirmado y ahora pasamos a una nueva fase de un plan de mitigaci\u00f3n de la enfermedad&#8221;<\/em>, sostuvo en esta jornada Mandetta\u00a0durante una conferencia de prensa.<\/p>\n<p><img loading=\"lazy\" decoding=\"async\" class=\"alignnone size-medium wp-image-36826\" src=\"https:\/\/informateesquina.com\/wp-content\/uploads\/2020\/02\/5e56a76115e0a_1420_-300x165.png\" alt=\"\" width=\"300\" height=\"165\" \/> <img loading=\"lazy\" decoding=\"async\" class=\"alignnone size-medium wp-image-36827\" src=\"https:\/\/informateesquina.com\/wp-content\/uploads\/2020\/02\/111041110_gettyimages-1199654127-300x168.jpg\" alt=\"\" width=\"300\" height=\"168\" \/> <img loading=\"lazy\" decoding=\"async\" class=\"alignnone size-medium wp-image-36828\" src=\"https:\/\/informateesquina.com\/wp-content\/uploads\/2020\/02\/dos-hombres-descienden-de-uno___u2uHto7B_1256x620__1-300x148.jpg\" alt=\"\" width=\"300\" height=\"148\" \/><\/p>\n<\/div>\n<\/div>\n","protected":false},"excerpt":{"rendered":"<p>El primer latinoamericano diagnosticado con esta enfermedad arrib\u00f3 desde Italia con escala en Par\u00eds, y se junto con motivo de su regreso con varios familiares y amigos en la ciudad de San Pablo. El ciudadano brasile\u00f1o est\u00e1 en su casa de San Pablo pero en situaci\u00f3n aislada luego de haber pasado por el Hospital israelita [&hellip;]<\/p>\n","protected":false},"author":1,"featured_media":36826,"comment_status":"closed","ping_status":"closed","sticky":false,"template":"","format":"standard","meta":{"footnotes":""},"categories":[5],"tags":[],"class_list":["post-36825","post","type-post","status-publish","format-standard","has-post-thumbnail","hentry","category-internacionales"],"_links":{"self":[{"href":"http:\/\/informateesquina.com\/index.php?rest_route=\/wp\/v2\/posts\/36825","targetHints":{"allow":["GET"]}}],"collection":[{"href":"http:\/\/informateesquina.com\/index.php?rest_route=\/wp\/v2\/posts"}],"about":[{"href":"http:\/\/informateesquina.com\/index.php?rest_route=\/wp\/v2\/types\/post"}],"author":[{"embeddable":true,"href":"http:\/\/informateesquina.com\/index.php?rest_route=\/wp\/v2\/users\/1"}],"replies":[{"embeddable":true,"href":"http:\/\/informateesquina.com\/index.php?rest_route=%2Fwp%2Fv2%2Fcomments&post=36825"}],"version-history":[{"count":0,"href":"http:\/\/informateesquina.com\/index.php?rest_route=\/wp\/v2\/posts\/36825\/revisions"}],"wp:featuredmedia":[{"embeddable":true,"href":"http:\/\/informateesquina.com\/index.php?rest_route=\/"}],"wp:attachment":[{"href":"http:\/\/informateesquina.com\/index.php?rest_route=%2Fwp%2Fv2%2Fmedia&parent=36825"}],"wp:term":[{"taxonomy":"category","embeddable":true,"href":"http:\/\/informateesquina.com\/index.php?rest_route=%2Fwp%2Fv2%2Fcategories&post=36825"},{"taxonomy":"post_tag","embeddable":true,"href":"http:\/\/informateesquina.com\/index.php?rest_route=%2Fwp%2Fv2%2Ftags&post=36825"}],"curies":[{"name":"wp","href":"https:\/\/api.w.org\/{rel}","templated":true}]}}