{"id":36830,"date":"2020-02-26T16:25:35","date_gmt":"2020-02-26T19:25:35","guid":{"rendered":"https:\/\/informateesquina.com\/?p=36830"},"modified":"2020-02-26T16:25:35","modified_gmt":"2020-02-26T19:25:35","slug":"gines-no-hay-casos-de-coronavirus-en-argentina","status":"publish","type":"post","link":"http:\/\/informateesquina.com\/?p=36830","title":{"rendered":"Gin\u00e9s: &#8220;No hay casos de coronavirus en Argentina&#8221;"},"content":{"rendered":"<div class=\"title-top\">\n<div class=\"inner-container\">\n<h1 class=\"title-font font-700\">As\u00ed lo afirm\u00f3 el ministro de Salud de la Naci\u00f3n, en una conferencia de prensa que ofreci\u00f3 en el aeropuerto internacional junto a varios funcionarios.<\/h1>\n<div class=\"nota-media-container\">\n<figure class=\"swiper-container swiper-principal swiper-container-horizontal\" data-notafotogaleria=\"1\" data-notafotogaleriathumbnails=\"si\" data-notafotogaleriafullscreen=\"si\">\n<div class=\"swiper-wrapper\">\n<div class=\"swiper-wrapper\">\n<div class=\"swiper-slide swiper-slide-active\"><img loading=\"lazy\" decoding=\"async\" src=\"https:\/\/www.cronica.com.ar\/__export\/1582739445546\/sites\/cronica\/img\/2020\/02\/26\/gines_crop1582739048075.jpg_1734428432.jpg\" alt=\"Gin\u00e9s Gonz\u00e1lez Garc\u00eda confirm\u00f3 que \" width=\"970\" height=\"546\" data-width=\"970\" data-height=\"546\" data-thumbnail=\"\/__export\/1582739445546\/sites\/cronica\/img\/2020\/02\/26\/gines_crop1582739048075.jpg_1674195933.jpg\" data-thumbnailwdith=\"160\" data-thumbnailheight=\"100\" \/><\/div>\n<\/div>\n<\/div><figcaption class=\"title-font\">Gin\u00e9s Gonz\u00e1lez Garc\u00eda confirm\u00f3 que &#8220;no hay casos de coronavirus en el pa\u00eds&#8221;.<\/figcaption><div class=\"swiper-wrapper\">\n<div class=\"swiper-slide swiper-slide-active\"><\/div>\n<\/div>\n<\/figure>\n<\/div>\n<div class=\"main-content clearfix\">\n<section>\n<div class=\"entry-body text-font\">\n<p>El ministro de Salud de la Naci\u00f3n,\u00a0<strong>Gin\u00e9s Gonz\u00e1lez Garc\u00eda<\/strong>, confirm\u00f3 este mi\u00e9rcoles\u00a0que<em>\u00a0&#8220;no hay casos de coronavirus en el pa\u00eds&#8221;<\/em>, enfatiz\u00f3 que se cumplen<em>\u00a0&#8220;rigurosamente&#8221;<\/em>\u00a0los protocolos de monitoreo de pasajeros que llegan en vuelos internacionales y destac\u00f3 que\u00a0<em>&#8220;lo que m\u00e1s suma es el control de autorreferencia&#8221;\u00a0<\/em>cuando una persona detecta s\u00edntomas.<\/p>\n<p>Gonz\u00e1lez Garc\u00eda realiz\u00f3 estas declaraciones en una conferencia de prensa que ofreci\u00f3 en el aeropuerto internacional junto a varios funcionarios, donde la secretaria de Acceso a la Salud,\u00a0<strong>Carla Vizzotti<\/strong>, remarc\u00f3 que\u00a0<em>&#8220;no hay casos de coronavirus en Argentina&#8221;.<\/em><\/p>\n<section class=\"related-entrys-container\">\n<div class=\"extra-container\">\n<div class=\"extra-holder\">\n<div class=\"small-entry flex-container align-start\">\n<div class=\"entry-data\">\n<p class=\"title-font font-700\">El ministro de Salud, por su parte, llam\u00f3 a<em style=\"color: #666666; font-family: Roboto, sans-serif; font-size: 15px;\">\u00a0&#8220;no generar un p\u00e1nico colectivo&#8221;\u00a0<\/em><span style=\"color: #666666; font-family: Roboto, sans-serif; font-size: 15px;\">y asegur\u00f3 que\u00a0<\/span><em style=\"color: #666666; font-family: Roboto, sans-serif; font-size: 15px;\">&#8220;en China est\u00e1n decreciendo los n\u00fameros de casos y est\u00e1 todo el sistema cient\u00edfico del mundo buscando una vacuna&#8221;.<\/em><\/p>\n<\/div>\n<\/div>\n<\/div>\n<\/div>\n<\/section>\n<p><em>&#8220;Lo que m\u00e1s suma es el control de autorreferencia. Cuando uno ve s\u00edntomas debe dar alerta, hacemos hincapi\u00e9 en la responsabilidad individual&#8221;,<\/em>\u00a0afirm\u00f3 Gonz\u00e1lez Garc\u00eda y agreg\u00f3 que<em>\u00a0&#8220;Italia le hizo control con c\u00e1maras t\u00e9rmicas a dos millones de personas y le explotaron los casos&#8221;.\u00a0<\/em><\/p>\n<p>Las autoridades sanitarias afirmaron que se cumpl\u00edan\u00a0<em>&#8220;rigurosamente&#8221;<\/em>\u00a0los protocolos por la llegada de pasajeros internacionales, luego de que este mi\u00e9rcoles autoridades italianas confirmaran los primeros seis casos de infectados del coronavirus Covid-19 menores de edad, al tiempo que la cantidad de v\u00edctimas mortales se elev\u00f3 a 12 y la de contagiados lleg\u00f3 a 374.<\/p>\n<div class=\"ckeditor-em\"><\/div>\n<p>El Jefe de Gabinete del Ministerio de Transporte,\u00a0<strong>Abel De Manuele<\/strong>, que tambi\u00e9n particip\u00f3 de la conferencia de prensa, asegur\u00f3 que\u00a0<em>&#8220;estamos actuando en forma coordinada, por eso decidimos implementar tambi\u00e9n en la actividad portuaria estas acciones ante esta eventualidad&#8221;.\u00a0<\/em><\/p>\n<p>Vizzotti aclar\u00f3 la situaci\u00f3n de los ciudadanos argentinos que tuvieron contacto con el coronavirus al se\u00f1alar que el hombre<em>\u00a0&#8220;que tiene diagn\u00f3stico en el crucero lo curs\u00f3 en Jap\u00f3n, tiene test negativo, no tiene consideraciones particulares para su salud y la salud p\u00fablica&#8221;.<\/em><\/p>\n<div>\n<figure class=\"image\"><img decoding=\"async\" title=\"\" src=\"https:\/\/www.cronica.com.ar\/export\/sites\/cronica\/img\/2020\/02\/26\/gines_2.jpg_393807415.jpg\" alt=\"\" hspace=\"5\" vspace=\"5\" data-height=\"402\" data-size=\"w:710,h:402\" data-width=\"710\" \/><figcaption>El ministro de Salud llam\u00f3 a &#8220;no generar un p\u00e1nico colectivo&#8221;.<\/figcaption><\/figure>\n<\/div>\n<p>&nbsp;<\/p>\n<p><em>&#8220;En tanto, las otras cuatro personas que tuvieron un contacto de moderado riesgo en Camboya, est\u00e1n en aislamiento domiciliario y hoy (mi\u00e9rcoles) les hacen un hisopado&#8221;,<\/em>\u00a0precis\u00f3, en alusi\u00f3n a la pr\u00e1ctica cl\u00ednica de un cultivo de exudado far\u00edngeo.<\/p>\n<\/div>\n<\/section>\n<\/div>\n<\/div>\n<\/div>\n<div class=\"inner-container clearfix\">\n<div class=\"nota-body-container nota-970\">\n<div class=\"nota-media-container\">\n<figure class=\"swiper-container swiper-principal swiper-container-horizontal\" data-notafotogaleria=\"1\" data-notafotogaleriathumbnails=\"si\" data-notafotogaleriafullscreen=\"si\">\n<div class=\"swiper-wrapper\"><\/div>\n<\/figure>\n<\/div>\n<\/div>\n<\/div>\n","protected":false},"excerpt":{"rendered":"<p>As\u00ed lo afirm\u00f3 el ministro de Salud de la Naci\u00f3n, en una conferencia de prensa que ofreci\u00f3 en el aeropuerto internacional junto a varios funcionarios. Gin\u00e9s Gonz\u00e1lez Garc\u00eda confirm\u00f3 que &#8220;no hay casos de coronavirus en el pa\u00eds&#8221;. El ministro de Salud de la Naci\u00f3n,\u00a0Gin\u00e9s Gonz\u00e1lez Garc\u00eda, confirm\u00f3 este mi\u00e9rcoles\u00a0que\u00a0&#8220;no hay casos de coronavirus en [&hellip;]<\/p>\n","protected":false},"author":1,"featured_media":36831,"comment_status":"closed","ping_status":"closed","sticky":false,"template":"","format":"standard","meta":{"footnotes":""},"categories":[7],"tags":[136],"class_list":["post-36830","post","type-post","status-publish","format-standard","has-post-thumbnail","hentry","category-nacionales","tag-destacados"],"_links":{"self":[{"href":"http:\/\/informateesquina.com\/index.php?rest_route=\/wp\/v2\/posts\/36830","targetHints":{"allow":["GET"]}}],"collection":[{"href":"http:\/\/informateesquina.com\/index.php?rest_route=\/wp\/v2\/posts"}],"about":[{"href":"http:\/\/informateesquina.com\/index.php?rest_route=\/wp\/v2\/types\/post"}],"author":[{"embeddable":true,"href":"http:\/\/informateesquina.com\/index.php?rest_route=\/wp\/v2\/users\/1"}],"replies":[{"embeddable":true,"href":"http:\/\/informateesquina.com\/index.php?rest_route=%2Fwp%2Fv2%2Fcomments&post=36830"}],"version-history":[{"count":0,"href":"http:\/\/informateesquina.com\/index.php?rest_route=\/wp\/v2\/posts\/36830\/revisions"}],"wp:featuredmedia":[{"embeddable":true,"href":"http:\/\/informateesquina.com\/index.php?rest_route=\/"}],"wp:attachment":[{"href":"http:\/\/informateesquina.com\/index.php?rest_route=%2Fwp%2Fv2%2Fmedia&parent=36830"}],"wp:term":[{"taxonomy":"category","embeddable":true,"href":"http:\/\/informateesquina.com\/index.php?rest_route=%2Fwp%2Fv2%2Fcategories&post=36830"},{"taxonomy":"post_tag","embeddable":true,"href":"http:\/\/informateesquina.com\/index.php?rest_route=%2Fwp%2Fv2%2Ftags&post=36830"}],"curies":[{"name":"wp","href":"https:\/\/api.w.org\/{rel}","templated":true}]}}