{"id":36833,"date":"2020-02-26T16:30:53","date_gmt":"2020-02-26T19:30:53","guid":{"rendered":"https:\/\/informateesquina.com\/?p=36833"},"modified":"2020-02-26T16:30:53","modified_gmt":"2020-02-26T19:30:53","slug":"mama-se-filmaba-golpeando-a-su-beba-de-4-meses","status":"publish","type":"post","link":"http:\/\/informateesquina.com\/?p=36833","title":{"rendered":"Mam\u00e1 se filmaba golpeando a su beba de 4 meses"},"content":{"rendered":"<div class=\"col-lg-12 col-md-12 col-sm-12\">\n<div style=\"width: 1280px;\" class=\"wp-video\"><video class=\"wp-video-shortcode\" id=\"video-36833-1\" width=\"1280\" height=\"720\" preload=\"metadata\" controls=\"controls\"><source type=\"video\/mp4\" src=\"https:\/\/informateesquina.com\/wp-content\/uploads\/2020\/02\/Aberrante-le-pegaba-a-su-beba-lo-grab\u00f3-y-termin\u00f3-detenida.mp4?_=1\" \/><a href=\"https:\/\/informateesquina.com\/wp-content\/uploads\/2020\/02\/Aberrante-le-pegaba-a-su-beba-lo-grab\u00f3-y-termin\u00f3-detenida.mp4\">https:\/\/informateesquina.com\/wp-content\/uploads\/2020\/02\/Aberrante-le-pegaba-a-su-beba-lo-grab\u00f3-y-termin\u00f3-detenida.mp4<\/a><\/video><\/div>\n<\/div>\n<div id=\"parent_1\" class=\"col-lg-8 col-md-12 col-sm-12\">\n<div class=\"image\">\n<div class=\"icons\">\n<div class=\"icon\"><\/div>\n<\/div>\n<div id=\"demo-test-gallery\" class=\"demo-gallery\" data-pswp-uid=\"1\"><a class=\"\" href=\"https:\/\/img.lagacetasalta.com.ar\/fotos\/notas\/2020\/02\/26\/mama-se-filmaba-golpeando-beba-4-meses-133287-123451.jpg\" data-size=\"759x443\" data-med=\"https:\/\/img.lagacetasalta.com.ar\/fotos\/notas\/2020\/02\/26\/mama-se-filmaba-golpeando-beba-4-meses-133287-123451.jpg\" data-med-size=\"759x443\" data-author=\"\"><img decoding=\"async\" src=\"https:\/\/img.lagacetasalta.com.ar\/fotos\/notas\/2020\/02\/26\/mama-se-filmaba-golpeando-beba-4-meses-133287-123451.jpg\" \/><\/a><\/div>\n<div class=\"imgFoot\"><\/div>\n<\/div>\n<div class=\"newsBody\">\n<p>SANTIAGO DEL ESTERO.- Una mujer se filmaba peg\u00e1ndole a su beb\u00e9 de cuatro meses y sub\u00eda las grabaciones a las redes sociales. Fue denunciada y se encuentra detenida.<\/p>\n<p>El hecho ocurri\u00f3 en la localidad santiague\u00f1a de Villa Jim\u00e9nez, en el departamento R\u00edo Hondo de esa provincia. La maltratadora fue denunciada por la t\u00eda de la criatura en la comisar\u00eda N\u00ba 49, en donde mostr\u00f3 el video como prueba contundente. En las im\u00e1genes se puede ver como la peque\u00f1a recibe una bofetada tras otra, llora desconsolada, mientras le siguen pegando.<\/p>\n<p>La fiscal del caso orden\u00f3 la detenci\u00f3n de la madre y su traslado a la capital de esa provincia. La \u201cyoutuber\u201d sufrir\u00eda retraso madurativo.<\/p>\n<p>La Justicia podr\u00eda decretar que la tenencia de la criatura pase a otro familiar.<\/p>\n<\/div>\n<\/div>\n","protected":false},"excerpt":{"rendered":"<p>SANTIAGO DEL ESTERO.- Una mujer se filmaba peg\u00e1ndole a su beb\u00e9 de cuatro meses y sub\u00eda las grabaciones a las redes sociales. Fue denunciada y se encuentra detenida. El hecho ocurri\u00f3 en la localidad santiague\u00f1a de Villa Jim\u00e9nez, en el departamento R\u00edo Hondo de esa provincia. La maltratadora fue denunciada por la t\u00eda de la [&hellip;]<\/p>\n","protected":false},"author":1,"featured_media":36835,"comment_status":"closed","ping_status":"closed","sticky":false,"template":"","format":"video","meta":{"footnotes":""},"categories":[8],"tags":[],"class_list":["post-36833","post","type-post","status-publish","format-video","has-post-thumbnail","hentry","category-policiales","post_format-post-format-video"],"_links":{"self":[{"href":"http:\/\/informateesquina.com\/index.php?rest_route=\/wp\/v2\/posts\/36833","targetHints":{"allow":["GET"]}}],"collection":[{"href":"http:\/\/informateesquina.com\/index.php?rest_route=\/wp\/v2\/posts"}],"about":[{"href":"http:\/\/informateesquina.com\/index.php?rest_route=\/wp\/v2\/types\/post"}],"author":[{"embeddable":true,"href":"http:\/\/informateesquina.com\/index.php?rest_route=\/wp\/v2\/users\/1"}],"replies":[{"embeddable":true,"href":"http:\/\/informateesquina.com\/index.php?rest_route=%2Fwp%2Fv2%2Fcomments&post=36833"}],"version-history":[{"count":0,"href":"http:\/\/informateesquina.com\/index.php?rest_route=\/wp\/v2\/posts\/36833\/revisions"}],"wp:featuredmedia":[{"embeddable":true,"href":"http:\/\/informateesquina.com\/index.php?rest_route=\/"}],"wp:attachment":[{"href":"http:\/\/informateesquina.com\/index.php?rest_route=%2Fwp%2Fv2%2Fmedia&parent=36833"}],"wp:term":[{"taxonomy":"category","embeddable":true,"href":"http:\/\/informateesquina.com\/index.php?rest_route=%2Fwp%2Fv2%2Fcategories&post=36833"},{"taxonomy":"post_tag","embeddable":true,"href":"http:\/\/informateesquina.com\/index.php?rest_route=%2Fwp%2Fv2%2Ftags&post=36833"}],"curies":[{"name":"wp","href":"https:\/\/api.w.org\/{rel}","templated":true}]}}