{"id":36838,"date":"2020-02-26T18:44:35","date_gmt":"2020-02-26T21:44:35","guid":{"rendered":"https:\/\/informateesquina.com\/?p=36838"},"modified":"2020-02-26T18:44:35","modified_gmt":"2020-02-26T21:44:35","slug":"paritaria-nacional-docente-hubo-acuerdo-entre-el-gobierno-y-los-gremios-y-las-clases-comenzaran-con-normalidad","status":"publish","type":"post","link":"http:\/\/informateesquina.com\/?p=36838","title":{"rendered":"Paritaria nacional docente: hubo acuerdo entre el Gobierno y los gremios y las clases comenzar\u00e1n con normalidad"},"content":{"rendered":"<div id=\"f0FptgNLwUvSQr\" class=\"wrapper clearfix col-lg-12 pb-feature pb-layout-item pb-f-article-header col-md-12 col-sm-12 col-xs-12 no-align\">\n<div class=\"row\">\n<header class=\"article-header hed-first col-sm-12\"><span class=\"subheadline\">Con el arreglo a nivel nacional, avanzar\u00e1n las negociaciones en las provincias. El piso salarial pasar\u00e1 a 23 mil pesos<\/span><\/header>\n<\/div>\n<\/div>\n<div id=\"f04vMUbLwUvSQr\" class=\"wrapper clearfix col-lg-12 col-md-12 pb-feature pb-layout-item pb-f-article-byline col-sm-12 col-xs-12 no-align\">\n<div class=\"byline col-md-8 col-xs-12 col-print-12\">\n<div class=\"clearfix byline-entry\">\n<div class=\"byline-firstline\"><\/div>\n<\/div>\n<\/div>\n<\/div>\n<div id=\"c5xLvg2LwUvSQr\" class=\"col-md-8 col-sm-12 col-xs-12 pb-layout-item pb-chain pb-c-list-chain left-align\">\n<div id=\"f0nQkY1LwUvSQr\" class=\"wrapper clearfix full pb-feature pb-layout-item pb-f-article-body no-align\">\n<div id=\"article-body\" class=\"article-body article-body-elements\">\n<div id=\"article-content\">\n<div class=\"row pb-content-type-image\">\n<figure class=\"element element-image col-xs-12\">\n<div class=\"single-image\">\n<div class=\"shares\">\n<div class=\"share-button facebook\" data-url=\"https:\/\/www.infobae.com\/educacion\/2020\/02\/26\/paritaria-nacional-docente-hubo-acuerdo-entre-el-gobierno-y-los-gremios-y-las-clases-comenzaran-con-normalidad\/%23V5HOWVHVLNFA3PKM3HUNK2WT6E\" data-original=\"https:\/\/arc-anglerfish-arc2-prod-infobae.s3.amazonaws.com\/public\/V5HOWVHVLNFA3PKM3HUNK2WT6E.jpg\"><\/div>\n<\/div>\n<p><img decoding=\"async\" id=\"V5HOWVHVLNFA3PKM3HUNK2WT6E\" class=\"image-lazy\" src=\"https:\/\/www.infobae.com\/new-resizer\/lkM-w8_AmZ7kDh7tmC_eMITPOvQ=\/750x0\/filters:quality(100)\/arc-anglerfish-arc2-prod-infobae.s3.amazonaws.com\/public\/V5HOWVHVLNFA3PKM3HUNK2WT6E.jpg\" alt=\"Nicol\u00e1s Trotta, ministro de Educaci\u00f3n Nacional (Nicol\u00e1s Stulberg)\" width=\"750\" height=\"421.875\" data-url=\"https:\/\/www.infobae.com\/educacion\/2020\/02\/26\/paritaria-nacional-docente-hubo-acuerdo-entre-el-gobierno-y-los-gremios-y-las-clases-comenzaran-con-normalidad\/%23V5HOWVHVLNFA3PKM3HUNK2WT6E\" data-original=\"https:\/\/www.infobae.com\/new-resizer\/lkM-w8_AmZ7kDh7tmC_eMITPOvQ=\/750x0\/filters:quality(100)\/arc-anglerfish-arc2-prod-infobae.s3.amazonaws.com\/public\/V5HOWVHVLNFA3PKM3HUNK2WT6E.jpg\" \/><\/p>\n<\/div><figcaption class=\"\"><span class=\"credit\">Nicol\u00e1s Trotta, ministro de Educaci\u00f3n Nacional (Nicol\u00e1s Stulberg)<\/span><\/figcaption><\/figure>\n<\/div>\n<div class=\"row pb-content-type-text\">\n<div class=\"col-xs-12 col-print-12\">\n<p class=\"element element-paragraph\">Los gremios docentes recibieron la primera oferta del gobierno nacional y se concretar\u00e1 el acuerdo. De ese modo,\u00a0<b>las clases empezar\u00e1n con normalidad el pr\u00f3ximo lunes en casi todo el pa\u00eds<\/b>. La propuesta estipula una suba del 13,5% del salario inicial y el pago de cuatro sumas fijas hasta junio.<\/p>\n<\/div>\n<\/div>\n<div class=\"row pb-content-type-text\">\n<div class=\"col-xs-12 col-print-12\">\n<p class=\"element element-paragraph\"><mark class=\"hl_yellow\"><b>En concreto, el piso salarial de los docentes argentinos, que hasta hoy estaba en 20.250 pesos, pasar\u00e1 a 23 mil. A partir de all\u00ed, las provincias negociar\u00e1n con sus sindicatos. Desde Naci\u00f3n aportar\u00e1n, adem\u00e1s, cuatro sumas fijas de 1.210 pesos por \u00fanica vez. Una en marzo, una en abril, una en mayo y otra en junio. En total, 4.840 pesos.<\/b><\/mark><\/p>\n<\/div>\n<\/div>\n<div class=\"row pb-content-type-text\">\n<div class=\"col-xs-12 col-print-12\">\n<p class=\"element element-paragraph\">En las pr\u00f3ximas horas, los sindicatos votar\u00e1n internamente en sus cuerpos directivos la respuesta a la oferta.\u00a0<mark class=\"hl_yellow\"><b>Seg\u00fan supo Infobae, es un mero formalismo y se aceptar\u00e1 la propuesta.<\/b><\/mark><\/p>\n<\/div>\n<\/div>\n<div class=\"row pb-content-type-image\">\n<figure class=\"element element-image col-xs-12\">\n<div class=\"single-image\">\n<div class=\"shares\">\n<div class=\"share-button facebook\" data-url=\"https:\/\/www.infobae.com\/educacion\/2020\/02\/26\/paritaria-nacional-docente-hubo-acuerdo-entre-el-gobierno-y-los-gremios-y-las-clases-comenzaran-con-normalidad\/%23SUBON5WLCRDDRFRC6EJZMRT3KI\" data-original=\"https:\/\/arc-anglerfish-arc2-prod-infobae.s3.amazonaws.com\/public\/SUBON5WLCRDDRFRC6EJZMRT3KI.jpg\"><\/div>\n<\/div>\n<p><img decoding=\"async\" id=\"SUBON5WLCRDDRFRC6EJZMRT3KI\" class=\"image-lazy\" src=\"https:\/\/www.infobae.com\/new-resizer\/ELm7yRZWJYXr6MMVWUWtCHMfygM=\/750x0\/filters:quality(100)\/arc-anglerfish-arc2-prod-infobae.s3.amazonaws.com\/public\/SUBON5WLCRDDRFRC6EJZMRT3KI.jpg\" alt=\"Nicol\u00e1s Trotta dio una conferencia de prensa una vez terminada la reuni\u00f3n (Nicol\u00e1s Stulberg)\" width=\"750\" height=\"500.0\" data-url=\"https:\/\/www.infobae.com\/educacion\/2020\/02\/26\/paritaria-nacional-docente-hubo-acuerdo-entre-el-gobierno-y-los-gremios-y-las-clases-comenzaran-con-normalidad\/%23SUBON5WLCRDDRFRC6EJZMRT3KI\" data-original=\"https:\/\/www.infobae.com\/new-resizer\/ELm7yRZWJYXr6MMVWUWtCHMfygM=\/750x0\/filters:quality(100)\/arc-anglerfish-arc2-prod-infobae.s3.amazonaws.com\/public\/SUBON5WLCRDDRFRC6EJZMRT3KI.jpg\" \/><\/p>\n<\/div><figcaption class=\"\"><span class=\"credit\">Nicol\u00e1s Trotta dio una conferencia de prensa una vez terminada la reuni\u00f3n (Nicol\u00e1s Stulberg)<\/span><\/figcaption><\/figure>\n<\/div>\n<div class=\"row pb-content-type-text\">\n<div id=\"\" class=\"wrapper clearfix pb-feature pb-layout-item pb-f-ads-dfp left-align\"><\/div>\n<div class=\"col-xs-12 col-print-12\">\n<p class=\"element element-paragraph\">La reuni\u00f3n estuvo comandada por el ministro de Educaci\u00f3n Nicol\u00e1s Trotta y el de Trabajo, Claudio Moroni, y participaron los secretarios generales de los cinco gremios con alcance nacional: Ctera, Uda, Cea, Amet y Sadop.<\/p>\n<\/div>\n<\/div>\n<div class=\"row pb-content-type-text\">\n<div class=\"col-xs-12 col-print-12\">\n<p class=\"element element-paragraph\">Despu\u00e9s de dos a\u00f1os, se cerrar\u00e1 una paritaria nacional. La negociaci\u00f3n federal hab\u00eda sido derogada por Mauricio Macri en enero de 2018. En su lugar, se hab\u00eda fijado que el salario inicial docente ser\u00eda un 20% m\u00e1s de m\u00ednimo vital y m\u00f3vil.\u00a0<mark class=\"hl_yellow\"><b>Ahora el piso para que las jurisdicciones avancen en sus negociaciones ser\u00e1 de 23 mil pesos. Desde julio se acord\u00f3 que esa base sea de 25 mil pesos.<\/b><\/mark><\/p>\n<\/div>\n<\/div>\n<div class=\"row pb-content-type-image\">\n<figure class=\"element element-image col-xs-12\">\n<div class=\"single-image\">\n<div class=\"shares\">\n<div class=\"share-button facebook\" data-url=\"https:\/\/www.infobae.com\/educacion\/2020\/02\/26\/paritaria-nacional-docente-hubo-acuerdo-entre-el-gobierno-y-los-gremios-y-las-clases-comenzaran-con-normalidad\/%23URXPAZ5JNJDZ5KC4MNKQRCD56U\" data-original=\"https:\/\/arc-anglerfish-arc2-prod-infobae.s3.amazonaws.com\/public\/URXPAZ5JNJDZ5KC4MNKQRCD56U.jpg\"><\/div>\n<\/div>\n<p><img decoding=\"async\" id=\"URXPAZ5JNJDZ5KC4MNKQRCD56U\" class=\"image-lazy\" src=\"https:\/\/www.infobae.com\/new-resizer\/2ibnTZVWOZMIANAQOmc4ZBYtEU0=\/750x0\/filters:quality(100)\/arc-anglerfish-arc2-prod-infobae.s3.amazonaws.com\/public\/URXPAZ5JNJDZ5KC4MNKQRCD56U.jpg\" alt=\"Los dirigentes gremiales, antes de ingresar a la reuni\u00f3n (Nicol\u00e1s Stulberg)\" width=\"750\" height=\"421.875\" data-url=\"https:\/\/www.infobae.com\/educacion\/2020\/02\/26\/paritaria-nacional-docente-hubo-acuerdo-entre-el-gobierno-y-los-gremios-y-las-clases-comenzaran-con-normalidad\/%23URXPAZ5JNJDZ5KC4MNKQRCD56U\" data-original=\"https:\/\/www.infobae.com\/new-resizer\/2ibnTZVWOZMIANAQOmc4ZBYtEU0=\/750x0\/filters:quality(100)\/arc-anglerfish-arc2-prod-infobae.s3.amazonaws.com\/public\/URXPAZ5JNJDZ5KC4MNKQRCD56U.jpg\" \/><\/p>\n<\/div><figcaption class=\"\"><span class=\"credit\">Los dirigentes gremiales, antes de ingresar a la reuni\u00f3n (Nicol\u00e1s Stulberg)<\/span><\/figcaption><\/figure>\n<\/div>\n<div class=\"row pb-content-type-text\">\n<div class=\"col-xs-12 col-print-12\">\n<p class=\"element element-paragraph\">La intenci\u00f3n del Gobierno es dejar la mesa paritaria \u201cabierta\u201d a lo largo del a\u00f1o para evaluar el impacto de la inflaci\u00f3n sobre los salarios, pero en el Palacio Sarmiento son taxativos:\u00a0<mark class=\"hl_yellow\"><b>\u201cLos salarios de los docentes va a estar por encima de la inflaci\u00f3n 2020\u201d<\/b><\/mark>, afirman.<\/p>\n<\/div>\n<\/div>\n<div class=\"row pb-content-type-text\">\n<div class=\"col-xs-12 col-print-12\">\n<p class=\"element element-paragraph\">Con el acuerdo concretado, el inicio del ciclo lectivo el pr\u00f3ximo lunes no corre riesgos. Solo el arranque se ver\u00e1 afectado en algunas provincias, tal es el caso de Chubut que debi\u00f3 haber empezado hoy, pero un paro por 72 horas posterg\u00f3 el reinicio de clases hasta por lo menos la semana que viene.<\/p>\n<\/div>\n<\/div>\n<div class=\"row pb-content-type-image\">\n<figure class=\"element element-image col-xs-12\">\n<div class=\"single-image\">\n<div class=\"shares\">\n<div class=\"share-button facebook\" data-url=\"https:\/\/www.infobae.com\/educacion\/2020\/02\/26\/paritaria-nacional-docente-hubo-acuerdo-entre-el-gobierno-y-los-gremios-y-las-clases-comenzaran-con-normalidad\/%237ZLWPYBZJBEZ3AGYGFWH4UJB2A\" data-original=\"https:\/\/arc-anglerfish-arc2-prod-infobae.s3.amazonaws.com\/public\/7ZLWPYBZJBEZ3AGYGFWH4UJB2A.jpg\"><\/div>\n<\/div>\n<p><img decoding=\"async\" id=\"7ZLWPYBZJBEZ3AGYGFWH4UJB2A\" class=\"image-lazy\" src=\"https:\/\/www.infobae.com\/new-resizer\/wPuZgXH8NhdslVK2Q_IT8YcnVcA=\/750x0\/filters:quality(100)\/arc-anglerfish-arc2-prod-infobae.s3.amazonaws.com\/public\/7ZLWPYBZJBEZ3AGYGFWH4UJB2A.jpg\" alt=\"Los principales dirigentes de Ctera (Nicol\u00e1s Stulberg)\" width=\"750\" height=\"500.0\" data-url=\"https:\/\/www.infobae.com\/educacion\/2020\/02\/26\/paritaria-nacional-docente-hubo-acuerdo-entre-el-gobierno-y-los-gremios-y-las-clases-comenzaran-con-normalidad\/%237ZLWPYBZJBEZ3AGYGFWH4UJB2A\" data-original=\"https:\/\/www.infobae.com\/new-resizer\/wPuZgXH8NhdslVK2Q_IT8YcnVcA=\/750x0\/filters:quality(100)\/arc-anglerfish-arc2-prod-infobae.s3.amazonaws.com\/public\/7ZLWPYBZJBEZ3AGYGFWH4UJB2A.jpg\" \/><\/p>\n<\/div><figcaption class=\"\"><span class=\"credit\">Los principales dirigentes de Ctera (Nicol\u00e1s Stulberg)<\/span><\/figcaption><\/figure>\n<\/div>\n<div class=\"row pb-content-type-text\">\n<div class=\"col-xs-12 col-print-12\">\n<p class=\"element element-paragraph\"><b>Ni bien terminada la paritaria nacional, el Frente de Unidad Docente bonaerense (FUDB) y el gobierno de Axel Kicillof buscan avanzar en un acuerdo.<\/b>\u00a0A partir de las 18:30 en la Casa de la Provincia, se re\u00fanen los ministros y los representantes de Suteba, Feb, Udocba, Amet y Sadop. Se espera que se concrete la primera oferta despu\u00e9s de conocerse la propuesta de Naci\u00f3n.<\/p>\n<\/div>\n<\/div>\n<div class=\"row pb-content-type-text\">\n<div class=\"col-xs-12 col-print-12\">\n<p class=\"element element-paragraph\">En la ciudad de Buenos Aires, en tanto, la primera oferta llegar\u00e1 ma\u00f1ana a las 10 cuando los gremialistas se re\u00fanan con la titular de Educaci\u00f3n Soledad Acu\u00f1a en el nuevo ministerio ubicado en la Villa 31.<\/p>\n<\/div>\n<\/div>\n<\/div>\n<\/div>\n<\/div>\n<\/div>\n","protected":false},"excerpt":{"rendered":"<p>Con el arreglo a nivel nacional, avanzar\u00e1n las negociaciones en las provincias. El piso salarial pasar\u00e1 a 23 mil pesos Nicol\u00e1s Trotta, ministro de Educaci\u00f3n Nacional (Nicol\u00e1s Stulberg) Los gremios docentes recibieron la primera oferta del gobierno nacional y se concretar\u00e1 el acuerdo. De ese modo,\u00a0las clases empezar\u00e1n con normalidad el pr\u00f3ximo lunes en casi [&hellip;]<\/p>\n","protected":false},"author":1,"featured_media":36839,"comment_status":"closed","ping_status":"closed","sticky":false,"template":"","format":"standard","meta":{"footnotes":""},"categories":[7],"tags":[136],"class_list":["post-36838","post","type-post","status-publish","format-standard","has-post-thumbnail","hentry","category-nacionales","tag-destacados"],"_links":{"self":[{"href":"http:\/\/informateesquina.com\/index.php?rest_route=\/wp\/v2\/posts\/36838","targetHints":{"allow":["GET"]}}],"collection":[{"href":"http:\/\/informateesquina.com\/index.php?rest_route=\/wp\/v2\/posts"}],"about":[{"href":"http:\/\/informateesquina.com\/index.php?rest_route=\/wp\/v2\/types\/post"}],"author":[{"embeddable":true,"href":"http:\/\/informateesquina.com\/index.php?rest_route=\/wp\/v2\/users\/1"}],"replies":[{"embeddable":true,"href":"http:\/\/informateesquina.com\/index.php?rest_route=%2Fwp%2Fv2%2Fcomments&post=36838"}],"version-history":[{"count":0,"href":"http:\/\/informateesquina.com\/index.php?rest_route=\/wp\/v2\/posts\/36838\/revisions"}],"wp:featuredmedia":[{"embeddable":true,"href":"http:\/\/informateesquina.com\/index.php?rest_route=\/"}],"wp:attachment":[{"href":"http:\/\/informateesquina.com\/index.php?rest_route=%2Fwp%2Fv2%2Fmedia&parent=36838"}],"wp:term":[{"taxonomy":"category","embeddable":true,"href":"http:\/\/informateesquina.com\/index.php?rest_route=%2Fwp%2Fv2%2Fcategories&post=36838"},{"taxonomy":"post_tag","embeddable":true,"href":"http:\/\/informateesquina.com\/index.php?rest_route=%2Fwp%2Fv2%2Ftags&post=36838"}],"curies":[{"name":"wp","href":"https:\/\/api.w.org\/{rel}","templated":true}]}}