{"id":36860,"date":"2020-02-26T20:41:54","date_gmt":"2020-02-26T23:41:54","guid":{"rendered":"https:\/\/informateesquina.com\/?p=36860"},"modified":"2020-02-26T20:41:54","modified_gmt":"2020-02-26T23:41:54","slug":"interpol-atrapo-a-docente-correntino-condenado-por-abuso-sexual","status":"publish","type":"post","link":"http:\/\/informateesquina.com\/?p=36860","title":{"rendered":"Interpol atrap\u00f3 a docente correntino condenado por abuso sexual"},"content":{"rendered":"<p class=\"copete\">El sujeto, de apellido Longo, era buscado desde 2018, cuando reafirmaron su condena a 8 a\u00f1os de prisi\u00f3n, dictada en 2015 por el Tribunal Oral Penal de Mercedes. Fue capturado en la localidad paraguaya de Luque.<\/p>\n<div class=\"fotos-y-videos\">\n<div class=\"tab-content\">\n<div id=\"fotos\" class=\"tab-pane fade in active\" role=\"tabpanel\"><a class=\"fotos-desarrollo unlink\" title=\"Interpol atrap\u00f3 a docente correntino condenado por abuso sexual\" href=\"https:\/\/www.radiosudamericana.com\/notix\/multimedia\/imagenes\/fotos\/2020-02-26\/563428.jpg\"><img decoding=\"async\" class=\"img-responsive lazyload center-block\" src=\"https:\/\/www.radiosudamericana.com\/notix\/multimedia\/imagenes\/fotos\/2020-02-26\/563428.jpg\" alt=\"foto: Interpol atrap\u00f3 a docente correntino condenado por abuso sexual\" \/><\/a><\/div>\n<\/div>\n<\/div>\n<p>&nbsp;<\/p>\n<div class=\"cuerpo\">\n<p>La Interpol atrap\u00f3 en el Paraguay a un docente correntino condenado en 2015 por el abuso sexual de su hija en Curuz\u00fa Cuati\u00e1.<\/p>\n<p>Se trata de un hombre de apellido Longo, de 67 a\u00f1os, quien integraba la n\u00f3mina de buscados por la Interpol con alerta roja, tras ser condenado a prisi\u00f3n en diciembre de 2015, por abusar sexualmente de su hija desde que ten\u00eda 8 a\u00f1os. Sin embargo, a pesar de la condena, el sujeto nunca fue apresado, por lo que se fug\u00f3 al pa\u00eds vecino.<\/p>\n<p>Finalmente, fue atrapado en la localidad paraguaya de Luque.<\/p>\n<p><strong>EL CASO<\/strong><\/p>\n<p>La causa por la cual fue condenado Longo se inici\u00f3 en 2009, cuando la v\u00edctima, su hija, que en ese entonces ten\u00eda 15 a\u00f1os, se escap\u00f3 de la casa familiar situada en cercan\u00edas del ingreso a Curuz\u00fa Cuati\u00e1. La adolescente viaj\u00f3 a dedo hasta La Paz, Entre R\u00edos, para pedirle ayuda a su madrina.<\/p>\n<p>La denuncia del caso fue radicada en dicha provincia, pero r\u00e1pidamente pas\u00f3 a la Justicia de Corrientes. Finalmente, en 2010, tras confirmar lo relatado por la v\u00edctima, el juez Mart\u00edn Vega orden\u00f3 la inmediata detenci\u00f3n de Longo y su esposa, quien &#8220;estaba al tanto de lo ocurrido&#8221;, seg\u00fan la declaraci\u00f3n de la joven ante psic\u00f3logas.<\/p>\n<p>Adem\u00e1s, en dichas declaraciones, descubrieron que tambi\u00e9n abusaba de la hermana mayor de la v\u00edctima.<\/p>\n<p>En 2012, tanto Longo como su esposa recuperaron la libertad, debido a retrasos en la determinaci\u00f3n de una fecha para el juicio oral, que se hizo reci\u00e9n en 2015.<\/p>\n<p>Finalmente, en diciembre de ese a\u00f1o, el Tribunal Oral Penal de Mercedes conden\u00f3 a Longo a ocho a\u00f1os de prisi\u00f3n por el delito de abuso sexual con acceso carnal, agravado por el v\u00ednculo. En cuanto a la madre, fue absuelta de culpa y cargo porque no hab\u00eda pruebas suficientes para demostrar que estaba al tanto de las violaciones.<\/p>\n<p>Incre\u00edblemente, tras la lectura del fallo, Longo se retir\u00f3 a su domicilio, porque la condena cay\u00f3 en un &#8220;limbo judicial&#8221; que tard\u00f3 tres a\u00f1os en ser confirmada. En 2018, cuando el Superior Tribunal de Justicia ratific\u00f3 la decisi\u00f3n del TOP mercede\u00f1o y orden\u00f3 su inmediata detenci\u00f3n, el condenado huy\u00f3 al pa\u00eds vecino.<\/p>\n<p><strong>INS\u00d3LITO\u00a0HOMENAJE<\/strong><\/p>\n<p>Desde su escape en 2018, se supo poco del condenado por abuso sexual, hasta que un ins\u00f3lito hecho, ocurrido a finales del a\u00f1o pasado, volvi\u00f3 a poner su nombre en boca de todos.<br \/>\nEn diciembre de 2019, la escuela N\u00ba 564 de Curuz\u00fa Cuati\u00e1, en la que Longo trabajaba como profesor de Educaci\u00f3n F\u00edsica, lo homenaje\u00f3 en un acto de fin de a\u00f1o. En dicho acto, varios polic\u00edas de civil esperaban a que el abusador se presentara a recibir su diploma, pero \u00e9ste no apareci\u00f3 y la distinci\u00f3n la recibi\u00f3 uno de sus hijos.<\/p>\n<\/div>\n","protected":false},"excerpt":{"rendered":"<p>El sujeto, de apellido Longo, era buscado desde 2018, cuando reafirmaron su condena a 8 a\u00f1os de prisi\u00f3n, dictada en 2015 por el Tribunal Oral Penal de Mercedes. Fue capturado en la localidad paraguaya de Luque. &nbsp; La Interpol atrap\u00f3 en el Paraguay a un docente correntino condenado en 2015 por el abuso sexual de [&hellip;]<\/p>\n","protected":false},"author":1,"featured_media":36861,"comment_status":"closed","ping_status":"closed","sticky":false,"template":"","format":"standard","meta":{"footnotes":""},"categories":[8],"tags":[],"class_list":["post-36860","post","type-post","status-publish","format-standard","has-post-thumbnail","hentry","category-policiales"],"_links":{"self":[{"href":"http:\/\/informateesquina.com\/index.php?rest_route=\/wp\/v2\/posts\/36860","targetHints":{"allow":["GET"]}}],"collection":[{"href":"http:\/\/informateesquina.com\/index.php?rest_route=\/wp\/v2\/posts"}],"about":[{"href":"http:\/\/informateesquina.com\/index.php?rest_route=\/wp\/v2\/types\/post"}],"author":[{"embeddable":true,"href":"http:\/\/informateesquina.com\/index.php?rest_route=\/wp\/v2\/users\/1"}],"replies":[{"embeddable":true,"href":"http:\/\/informateesquina.com\/index.php?rest_route=%2Fwp%2Fv2%2Fcomments&post=36860"}],"version-history":[{"count":0,"href":"http:\/\/informateesquina.com\/index.php?rest_route=\/wp\/v2\/posts\/36860\/revisions"}],"wp:featuredmedia":[{"embeddable":true,"href":"http:\/\/informateesquina.com\/index.php?rest_route=\/"}],"wp:attachment":[{"href":"http:\/\/informateesquina.com\/index.php?rest_route=%2Fwp%2Fv2%2Fmedia&parent=36860"}],"wp:term":[{"taxonomy":"category","embeddable":true,"href":"http:\/\/informateesquina.com\/index.php?rest_route=%2Fwp%2Fv2%2Fcategories&post=36860"},{"taxonomy":"post_tag","embeddable":true,"href":"http:\/\/informateesquina.com\/index.php?rest_route=%2Fwp%2Fv2%2Ftags&post=36860"}],"curies":[{"name":"wp","href":"https:\/\/api.w.org\/{rel}","templated":true}]}}