{"id":36863,"date":"2020-02-26T21:14:54","date_gmt":"2020-02-27T00:14:54","guid":{"rendered":"https:\/\/informateesquina.com\/?p=36863"},"modified":"2020-02-26T21:14:54","modified_gmt":"2020-02-27T00:14:54","slug":"el-detenido-por-violar-a-mujer-y-asesinar-a-su-hijo-quedo-libre-lo-filmaron-comprando-vino","status":"publish","type":"post","link":"http:\/\/informateesquina.com\/?p=36863","title":{"rendered":"El detenido por violar a mujer y asesinar a su hijo qued\u00f3 libre: lo filmaron comprando vino"},"content":{"rendered":"<p class=\"copete\">Luego de ser capturado\u00a0por el crimen de un nene de 4 a\u00f1os y el abuso sexual sobre la madre en Puerto Deseado, el sujeto sospechado del ataque recuper\u00f3 su libertad y fue directo a una despensa para llevarse una bebida alcoh\u00f3lica.<\/p>\n<div class=\"fotos-y-videos\">\n<ul class=\"nav nav-tabs\" role=\"tablist\">\n<li class=\"active\" role=\"presentation\"><\/li>\n<\/ul>\n<div class=\"tab-content\">\n<div id=\"fotos\" class=\"tab-pane fade in active\" role=\"tabpanel\"><a class=\"fotos-desarrollo unlink\" title=\"El detenido por violar a mujer y asesinar a su hijo qued\u00f3 libre\" href=\"https:\/\/www.radiosudamericana.com\/notix\/multimedia\/imagenes\/fotos\/2020-02-26\/107116.jpg\"><img decoding=\"async\" class=\"img-responsive lazyload center-block\" src=\"https:\/\/www.radiosudamericana.com\/notix\/multimedia\/imagenes\/fotos\/2020-02-26\/107116.jpg\" alt=\"foto: El detenido por violar a mujer y asesinar a su hijo qued\u00f3 libre\" \/><\/a><\/div>\n<\/div>\n<\/div>\n<p>&nbsp;<\/p>\n<div class=\"cuerpo\">\n<p>El crimen de una criatura de 4 a\u00f1os, ocurrido como movil para abusar sexualmente de su madre, de 44, en\u00a0Puerto Deseado,\u00a0Santa Cruz, que caus\u00f3 conmoci\u00f3n nacional arroj\u00f3 una ins\u00f3lita situaci\u00f3n cuando uno de los detenidos fue liberado por el juez a cargo de la investigaci\u00f3n.<\/p>\n<p><a class=\"fotos-desarrollo unlink\" title=\"El detenido por violar a mujer y asesinar a su hijo qued\u00f3 libre\" href=\"https:\/\/www.radiosudamericana.com\/notix\/multimedia\/imagenes\/fotos\/2020-02-26\/991414.jpg\"><img decoding=\"async\" class=\"img-responsive\" src=\"https:\/\/www.radiosudamericana.com\/notix\/multimedia\/imagenes\/fotos\/2020-02-26\/991414.jpg\" \/><\/a><a class=\"fotos-desarrollo unlink\" title=\"El detenido por violar a mujer y asesinar a su hijo qued\u00f3 libre\" href=\"https:\/\/www.radiosudamericana.com\/notix\/multimedia\/imagenes\/fotos\/2020-02-26\/956898.jpg\"><img decoding=\"async\" class=\"img-responsive\" src=\"https:\/\/www.radiosudamericana.com\/notix\/multimedia\/imagenes\/fotos\/2020-02-26\/956898.jpg\" \/><\/a><\/p>\n<p>Se trata de\u00a0Omar Alvarado, de 24 a\u00f1os, quien\u00a0sufre\u00a0esquizofrenia\u00a0y tras quedar en libertad se dirigi\u00f3 inmediatamente hasta un almac\u00e9n para comprar\u00a0vino.<\/p>\n<p>Tras la conmoci\u00f3n por\u00a0la violaci\u00f3n que sufri\u00f3\u00a0Mar\u00eda, en la playa Cavendish, quien atacada\u00a0sexualmente por dos sujetos, y el crimen del peque\u00f1o\u00a0Santino, Alvarado fue detenido por la polic\u00eda luego de una serie de allanamientos y m\u00e1s tarde qued\u00f3 aprehendido tras ser identificado por testigos en una rueda de reconocimiento.<\/p>\n<p>A pesar de esto, para el juez de instrucci\u00f3n de\u00a0Puerto Deseado,\u00a0Oldemar Villa, las pruebas no fueron suficientes mientras al tiempo que la enfermedad que este padece\u00a0&#8220;no lo convierte en inimputable\u201d, se\u00f1al\u00f3 el magistrado al otorgarle la libertad.<\/p>\n<p><a class=\"fotos-desarrollo unlink\" title=\"El detenido por violar a mujer y asesinar a su hijo qued\u00f3 libre\" href=\"https:\/\/www.radiosudamericana.com\/notix\/multimedia\/imagenes\/fotos\/2020-02-26\/754148.jpg\"><img decoding=\"async\" class=\"img-responsive\" src=\"https:\/\/www.radiosudamericana.com\/notix\/multimedia\/imagenes\/fotos\/2020-02-26\/754148.jpg\" \/><\/a><a class=\"fotos-desarrollo unlink\" title=\"El detenido por violar a mujer y asesinar a su hijo qued\u00f3 libre\" href=\"https:\/\/www.radiosudamericana.com\/notix\/multimedia\/imagenes\/fotos\/2020-02-26\/996403.jpg\"><img decoding=\"async\" class=\"img-responsive\" src=\"https:\/\/www.radiosudamericana.com\/notix\/multimedia\/imagenes\/fotos\/2020-02-26\/996403.jpg\" \/><\/a><\/p>\n<\/div>\n","protected":false},"excerpt":{"rendered":"<p>Luego de ser capturado\u00a0por el crimen de un nene de 4 a\u00f1os y el abuso sexual sobre la madre en Puerto Deseado, el sujeto sospechado del ataque recuper\u00f3 su libertad y fue directo a una despensa para llevarse una bebida alcoh\u00f3lica. &nbsp; El crimen de una criatura de 4 a\u00f1os, ocurrido como movil para abusar [&hellip;]<\/p>\n","protected":false},"author":1,"featured_media":36864,"comment_status":"closed","ping_status":"closed","sticky":false,"template":"","format":"standard","meta":{"footnotes":""},"categories":[8],"tags":[136],"class_list":["post-36863","post","type-post","status-publish","format-standard","has-post-thumbnail","hentry","category-policiales","tag-destacados"],"_links":{"self":[{"href":"http:\/\/informateesquina.com\/index.php?rest_route=\/wp\/v2\/posts\/36863","targetHints":{"allow":["GET"]}}],"collection":[{"href":"http:\/\/informateesquina.com\/index.php?rest_route=\/wp\/v2\/posts"}],"about":[{"href":"http:\/\/informateesquina.com\/index.php?rest_route=\/wp\/v2\/types\/post"}],"author":[{"embeddable":true,"href":"http:\/\/informateesquina.com\/index.php?rest_route=\/wp\/v2\/users\/1"}],"replies":[{"embeddable":true,"href":"http:\/\/informateesquina.com\/index.php?rest_route=%2Fwp%2Fv2%2Fcomments&post=36863"}],"version-history":[{"count":0,"href":"http:\/\/informateesquina.com\/index.php?rest_route=\/wp\/v2\/posts\/36863\/revisions"}],"wp:featuredmedia":[{"embeddable":true,"href":"http:\/\/informateesquina.com\/index.php?rest_route=\/"}],"wp:attachment":[{"href":"http:\/\/informateesquina.com\/index.php?rest_route=%2Fwp%2Fv2%2Fmedia&parent=36863"}],"wp:term":[{"taxonomy":"category","embeddable":true,"href":"http:\/\/informateesquina.com\/index.php?rest_route=%2Fwp%2Fv2%2Fcategories&post=36863"},{"taxonomy":"post_tag","embeddable":true,"href":"http:\/\/informateesquina.com\/index.php?rest_route=%2Fwp%2Fv2%2Ftags&post=36863"}],"curies":[{"name":"wp","href":"https:\/\/api.w.org\/{rel}","templated":true}]}}