{"id":36867,"date":"2020-02-27T12:08:52","date_gmt":"2020-02-27T15:08:52","guid":{"rendered":"https:\/\/informateesquina.com\/?p=36867"},"modified":"2020-02-27T12:08:52","modified_gmt":"2020-02-27T15:08:52","slug":"desmienten-publicacion-sobre-caso-de-coronavirus-en-corrientes","status":"publish","type":"post","link":"http:\/\/informateesquina.com\/?p=36867","title":{"rendered":"Desmienten publicaci\u00f3n sobre caso de coronavirus en Corrientes"},"content":{"rendered":"<div class=\"col-md-12\">\n<div>\n<p>El diario El Litoral desminti\u00f3 \u201ccateg\u00f3ricamente\u201d la informaci\u00f3n sobre aparici\u00f3n de un caso de coronavirus en la localidad correntina de Empedrado. En la falsa informaci\u00f3n se mostraba que una persona de 34 a\u00f1os, propietaria de un supermercado chino era quien presentaba los s\u00edntomas, pero el hecho fue negado y se investiga el origen de la falsa informaci\u00f3n.<\/p>\n<\/div>\n<div>\n<p>&nbsp;<\/p>\n<\/div>\n<div class=\"image_review_wrapper\">\n<div class=\"swiper-container swiper-container-horizontal swiper-container-android\">\n<div class=\"swiper-wrapper\">\n<div class=\"swiper-slide swiper-slide-active\"><a href=\"https:\/\/www.radiosudamericana.com\/notix\/multimedia\/imagenes\/fotos\/2020-02-27\/364404.jpg\"><img decoding=\"async\" class=\"img-responsive\" src=\"https:\/\/www.radiosudamericana.com\/notix\/multimedia\/imagenes\/fotos\/2020-02-27\/364404.jpg\" alt=\"Responsive image\" \/><\/a><\/div>\n<\/div>\n<\/div>\n<\/div>\n<\/div>\n<div class=\"col-md-12\"><\/div>\n<div class=\"col-md-12\">\n<div><audio src=\"https:\/\/www.radiosudamericana.com\/\/multimedia\/audios\/2020-02-27\/518523.mp3\" controls=\"controls\" data-mce-fragment=\"1\"><\/audio><\/div>\n<\/div>\n<p>En las \u00faltimas horas comenz\u00f3 a circular a trav\u00e9s de diversos medios la imagen de una supuesta captura de pantalla de la p\u00e1gina web de El Litoral con dicha informaci\u00f3n. Se trata de un intento de enga\u00f1o, efectuado por quien -escondido en el anonimato- pretende perjudicar a la poblaci\u00f3n en general con una informaci\u00f3n falsa.<\/p>\n<p>La maniobra se encuentra bajo an\u00e1lisis de inform\u00e1ticos de esta empresa y ser\u00e1 formalmente denunciada.<\/p>\n","protected":false},"excerpt":{"rendered":"<p>El diario El Litoral desminti\u00f3 \u201ccateg\u00f3ricamente\u201d la informaci\u00f3n sobre aparici\u00f3n de un caso de coronavirus en la localidad correntina de Empedrado. En la falsa informaci\u00f3n se mostraba que una persona de 34 a\u00f1os, propietaria de un supermercado chino era quien presentaba los s\u00edntomas, pero el hecho fue negado y se investiga el origen de la [&hellip;]<\/p>\n","protected":false},"author":1,"featured_media":36868,"comment_status":"closed","ping_status":"closed","sticky":false,"template":"","format":"standard","meta":{"footnotes":""},"categories":[10,11],"tags":[136],"class_list":["post-36867","post","type-post","status-publish","format-standard","has-post-thumbnail","hentry","category-provinciales","category-sociedad","tag-destacados"],"_links":{"self":[{"href":"http:\/\/informateesquina.com\/index.php?rest_route=\/wp\/v2\/posts\/36867","targetHints":{"allow":["GET"]}}],"collection":[{"href":"http:\/\/informateesquina.com\/index.php?rest_route=\/wp\/v2\/posts"}],"about":[{"href":"http:\/\/informateesquina.com\/index.php?rest_route=\/wp\/v2\/types\/post"}],"author":[{"embeddable":true,"href":"http:\/\/informateesquina.com\/index.php?rest_route=\/wp\/v2\/users\/1"}],"replies":[{"embeddable":true,"href":"http:\/\/informateesquina.com\/index.php?rest_route=%2Fwp%2Fv2%2Fcomments&post=36867"}],"version-history":[{"count":0,"href":"http:\/\/informateesquina.com\/index.php?rest_route=\/wp\/v2\/posts\/36867\/revisions"}],"wp:featuredmedia":[{"embeddable":true,"href":"http:\/\/informateesquina.com\/index.php?rest_route=\/"}],"wp:attachment":[{"href":"http:\/\/informateesquina.com\/index.php?rest_route=%2Fwp%2Fv2%2Fmedia&parent=36867"}],"wp:term":[{"taxonomy":"category","embeddable":true,"href":"http:\/\/informateesquina.com\/index.php?rest_route=%2Fwp%2Fv2%2Fcategories&post=36867"},{"taxonomy":"post_tag","embeddable":true,"href":"http:\/\/informateesquina.com\/index.php?rest_route=%2Fwp%2Fv2%2Ftags&post=36867"}],"curies":[{"name":"wp","href":"https:\/\/api.w.org\/{rel}","templated":true}]}}