{"id":38073,"date":"2020-04-09T17:13:40","date_gmt":"2020-04-09T20:13:40","guid":{"rendered":"https:\/\/informateesquina.com\/?p=38073"},"modified":"2020-04-09T17:13:40","modified_gmt":"2020-04-09T20:13:40","slug":"mujer-policia-mato-a-su-novio-esa-mujer-no-valoro-lo-que-mi-hijo-hizo-por-ella","status":"publish","type":"post","link":"http:\/\/informateesquina.com\/?p=38073","title":{"rendered":"Mujer policia mat\u00f3 a su novio: &#8220;Esa mujer no valor\u00f3 lo que mi hijo hizo por ella&#8221;"},"content":{"rendered":"<p>&#8220;Lo que m\u00e1s deseo es que ella no salga nunca m\u00e1s para que \u00e9l descanse en paz\u201d, pidi\u00f3 Mar\u00eda Cristina Genolet, cuyo hijo fue asesinado este verano, de un disparo en el pecho.<\/p>\n<p>EL tr\u00e1gico hecho se produjo en horas de la tarde del domingo 12 de enero, en la vereda de calle Pueblo Mocov\u00ed al 1500. Cr\u00e9dito: Corresponsal\u00eda San Javier<\/p>\n<p>Su hijo dorm\u00eda profundamente cuando Mar\u00eda Cristina pas\u00f3 por su habitaci\u00f3n la ma\u00f1ana del domingo 12 de enero, lo vi\u00f3 con fr\u00edo y lo tap\u00f3 antes de irse a trabajar, sin que se le pasara por la cabeza que ese ser\u00eda el \u00faltimo momento en que lo ver\u00eda con vida. Federico Rodr\u00edguez falleci\u00f3 horas m\u00e1s tarde producto de un s\u00f3lo disparo, que le perfor\u00f3 los pulmones y la aorta, y que sali\u00f3 del arma reglamentaria de su pareja, Tania Cion, a quien la Justicia le confirm\u00f3 la prisi\u00f3n preventiva esta semana.<\/p>\n<p>Desde su casa de calle Pueblo Mocov\u00ed al 1500 de la ciudad de San Javier, la agente de polic\u00eda de 41 a\u00f1os llam\u00f3 a su superior luego de disparar su pistola 9mm y se autoincrimin\u00f3: \u201cLe tir\u00e9 un tiro a Fede, me parece que lo mat\u00e9, no se mueve, vengan por favor\u201d. Afuera, en la vereda, yac\u00eda el cuerpo del joven, que apenas ten\u00eda 20 a\u00f1os.<\/p>\n<p>Mar\u00eda Cristina Genolet, la madre de Federico, recuerda aquella tarde con dolor: \u201cLa polic\u00eda en ning\u00fan momento nos avis\u00f3, siendo que mi marido fue polic\u00eda, yo me enter\u00e9 por la radio. Un hermano de Fede me llam\u00f3 y me dijo que hab\u00eda tenido un accidente, pero no que estaba muerto\u201d. As\u00ed que \u201cfui directamente para all\u00e1 pero no me dejaron pasar. Yo les grit\u00e9 que era la madre, y me dijeron que estaban llegando los de Asuntos Internos\u201d.<\/p>\n<h2><img loading=\"lazy\" decoding=\"async\" class=\"alignnone size-medium wp-image-38079\" src=\"https:\/\/informateesquina.com\/wp-content\/uploads\/2020\/04\/hiuhiuhiuhuih-300x266.jpg\" alt=\"\" width=\"300\" height=\"266\" \/><br \/>\n<strong><span style=\"color: #ff00ff;\">\u201cEl \u00fanico error\u201d<\/span><\/strong><\/h2>\n<p>Su relaci\u00f3n no era ninguna novedad. Federico present\u00f3 a su \u201cnovia\u201d antes de cumplir los 18 y cuidaba de los dos hijos que ella ten\u00eda de una relaci\u00f3n anterior como si fueran propios. \u201cEra tan chico y tan grande a la vez. Cuando yo lo ve\u00eda venir con esas dos criaturas me sent\u00eda tan orgullosa. \u00c9l los adoraba, los quer\u00eda tanto y se ve que ellos tambi\u00e9n lo quer\u00edan, porque siempre ped\u00edan ir con Fede para todos lados\u201d, dice Mar\u00eda Cristina y agrega: \u201cFue un gran padre, aunque esos hijos no eran de \u00e9l, y me duele porque esa mujer no valor\u00f3 lo que mi hijo hizo por ella\u201d.<\/p>\n<p>Bronca e impotencia, esos son los sentimientos que la invaden cada vez que recuerda. \u201cFederico era una buena persona\u201d, que trabajaba para contribuir con su pareja y los dos ni\u00f1os, a quienes tambi\u00e9n \u201cllevaba a la escuela, les hac\u00eda de comer y hasta limpiaba la casa\u201d en donde viv\u00edan. \u201cCuando se iba a cortar le\u00f1a los llevaba, porque ellos quer\u00edan estar con \u00e9l, y si no pod\u00eda me los dejaba a m\u00ed\u201d.<\/p>\n<p>\u201cLo que m\u00e1s deseo es que ella no salga nunca m\u00e1s para que \u00e9l descanse en paz, aunque a mi no me sirve de nada porque yo a mi hijo ya no lo voy a tener. No es justo que ella haya hecho eso y quede en la nada. Mi hijo era una persona buena, de buen coraz\u00f3n, y el \u00fanico error que cometi\u00f3 fue enamorarse de esa mujer, que lo mat\u00f3 delante de sus hijos\u201d.<\/p>\n<p>\u201cFederico era una buena persona\u201d, \u201cel \u00fanico error que cometi\u00f3 fue enamorarse de esa mujer\u201d, record\u00f3 su madre.Foto: El Litoral<\/p>\n<h3><strong><span style=\"color: #ff00ff;\">\u201cLa pena m\u00e1xima\u201d<\/span><\/strong><\/h3>\n<p>\u201cDesde ese d\u00eda nuestras vidas se vinieron abajo\u201d comenta Mar\u00eda Cristina, el domingo pr\u00f3ximo se van a cumplir tres meses desde que Federico sali\u00f3 de su hogar y su familia no lo volvi\u00f3 a ver. \u201cDurante una semana lo esper\u00e9 todos los d\u00edas, porque pensaba que en alg\u00fan momento iba a llegar\u201d pero no fue as\u00ed. \u201cAntes, ve\u00eda las noticias y dec\u00eda: \u2018pobres mam\u00e1s, pobres pap\u00e1s\u2019; jam\u00e1s pens\u00e9 que le pod\u00eda pasar eso a mi hijo\u201d.<\/p>\n<p>Desde esa fat\u00eddica tarde del domingo 12 de enero Cristina tiene que conformarse con \u201cdormir en la cama de Fede con la remera que us\u00f3 la \u00faltima noche -que pas\u00f3 en su casa-, buscar sus audios y escuchar su voz, mirar sus fotos y videos\u201d. Sus cosas permanecen en su lugar, al igual que la ropa y la moto que us\u00f3 aquella tarde est\u00e1 tapada, \u201cest\u00e1 todo como si en alg\u00fan momento \u00e9l fuera a llegar\u201d.<\/p>\n<p>Antes de que se declarara la cuarentena por la pandemia del coronavirus \u201chablamos con el fiscal -Francisco Cecchini- que est\u00e1 trabajando bien. Yo conf\u00edo en la justicia, en que esa mujer va a recibir lo que merece\u201d. \u201cLe pido a Dios y a Fede, porque ahora es nuestro \u00e1ngel, que me den fuerzas, que la justicia llegue pronto y que le den la pena m\u00e1xima, porque no merece otra cosa\u201d.<\/p>\n<p>&nbsp;<\/p>\n<h2><strong><span style=\"color: #ff00ff;\">Camino a juicio<\/span><\/strong><\/h2>\n<p>El fiscal de San Javier, Francisco Cecchini, se encuentra al frente de la investigaci\u00f3n que tiene imputada a la agente de polic\u00eda de 41 a\u00f1os por el \u201chomicidio doblemente calificado, por el uso de arma de fuego y por el v\u00ednculo\u201d del joven, que ten\u00eda 20. Tania Carolina Cion permanece en prisi\u00f3n preventiva desde mediados de enero, por orden de la jueza Rosana Carrara.<\/p>\n<p>Su defensor, Sebasti\u00e1n Oro\u00f1o, apel\u00f3 la cautelar oportunamente, pero la semana pasada el juez de la C\u00e1mara Penal, Sebasti\u00e1n Creus, confirm\u00f3 la resoluci\u00f3n de primera instancia. En su sentencia, el camarista indic\u00f3 que la cautelar de m\u00e1xima tiene sentido en la medida de que la acusaci\u00f3n se realice prontamente.<\/p>\n<p>Desde el Ministerio P\u00fablico de la Acusaci\u00f3n confirmaron que ya se han tomado las testimoniales de los familiares, tanto de la v\u00edctima como de la victimaria, pero a\u00fan resta la producci\u00f3n de dos pruebas: la reconstrucci\u00f3n digital del hecho y la pericia psicol\u00f3gica. La realizaci\u00f3n de esta \u00faltima hab\u00eda sido fijada para una fecha que coincidi\u00f3 con la cuarentena.<\/p>\n<p>&nbsp;<\/p>\n","protected":false},"excerpt":{"rendered":"<p>&#8220;Lo que m\u00e1s deseo es que ella no salga nunca m\u00e1s para que \u00e9l descanse en paz\u201d, pidi\u00f3 Mar\u00eda Cristina Genolet, cuyo hijo fue asesinado este verano, de un disparo en el pecho. EL tr\u00e1gico hecho se produjo en horas de la tarde del domingo 12 de enero, en la vereda de calle Pueblo Mocov\u00ed [&hellip;]<\/p>\n","protected":false},"author":1,"featured_media":38079,"comment_status":"closed","ping_status":"closed","sticky":false,"template":"","format":"standard","meta":{"footnotes":""},"categories":[8],"tags":[],"class_list":["post-38073","post","type-post","status-publish","format-standard","has-post-thumbnail","hentry","category-policiales"],"_links":{"self":[{"href":"http:\/\/informateesquina.com\/index.php?rest_route=\/wp\/v2\/posts\/38073","targetHints":{"allow":["GET"]}}],"collection":[{"href":"http:\/\/informateesquina.com\/index.php?rest_route=\/wp\/v2\/posts"}],"about":[{"href":"http:\/\/informateesquina.com\/index.php?rest_route=\/wp\/v2\/types\/post"}],"author":[{"embeddable":true,"href":"http:\/\/informateesquina.com\/index.php?rest_route=\/wp\/v2\/users\/1"}],"replies":[{"embeddable":true,"href":"http:\/\/informateesquina.com\/index.php?rest_route=%2Fwp%2Fv2%2Fcomments&post=38073"}],"version-history":[{"count":0,"href":"http:\/\/informateesquina.com\/index.php?rest_route=\/wp\/v2\/posts\/38073\/revisions"}],"wp:featuredmedia":[{"embeddable":true,"href":"http:\/\/informateesquina.com\/index.php?rest_route=\/"}],"wp:attachment":[{"href":"http:\/\/informateesquina.com\/index.php?rest_route=%2Fwp%2Fv2%2Fmedia&parent=38073"}],"wp:term":[{"taxonomy":"category","embeddable":true,"href":"http:\/\/informateesquina.com\/index.php?rest_route=%2Fwp%2Fv2%2Fcategories&post=38073"},{"taxonomy":"post_tag","embeddable":true,"href":"http:\/\/informateesquina.com\/index.php?rest_route=%2Fwp%2Fv2%2Ftags&post=38073"}],"curies":[{"name":"wp","href":"https:\/\/api.w.org\/{rel}","templated":true}]}}