{"id":38125,"date":"2020-04-12T15:17:35","date_gmt":"2020-04-12T18:17:35","guid":{"rendered":"https:\/\/informateesquina.com\/?p=38125"},"modified":"2020-04-12T15:17:35","modified_gmt":"2020-04-12T18:17:35","slug":"provincia-recibio-respiradores-y-elementos-de-proteccion-personal","status":"publish","type":"post","link":"http:\/\/informateesquina.com\/?p=38125","title":{"rendered":"Provincia recibi\u00f3 respiradores y elementos de protecci\u00f3n personal"},"content":{"rendered":"<div class=\"col-md-12\">\n<h1><span style=\"color: #666666; font-family: Roboto, sans-serif; font-size: 15px;\">Se trata de cuatro respiradores y elementos de protecci\u00f3n destinados a los equipos de salud, entre ellos antiparras, m\u00e1scaras, mamelucos y term\u00f3metros infrarrojos, enviados por el Ministerio de Salud de la Naci\u00f3n.<\/span><\/h1>\n<div>\n<p>&nbsp;<\/p>\n<\/div>\n<div class=\"image_review_wrapper\">\n<div class=\"swiper-container swiper-container-horizontal swiper-container-android\">\n<div class=\"swiper-wrapper\">\n<div class=\"swiper-slide swiper-slide-active\"><a href=\"https:\/\/www.radiosudamericana.com\/notix\/multimedia\/imagenes\/fotos\/2020-04-12\/777585.jpg\"><img decoding=\"async\" class=\"img-responsive\" src=\"https:\/\/www.radiosudamericana.com\/notix\/multimedia\/imagenes\/fotos\/2020-04-12\/777585.jpg\" alt=\"Responsive image\" \/><\/a><\/div>\n<\/div>\n<\/div>\n<\/div>\n<\/div>\n<p>El titular de la cartera sanitaria provincial, Ricardo Cardozo, confirm\u00f3 este s\u00e1bado la llegada de cuatro respiradores al aeropuerto de la ciudad de Resistencia, que se suman a los diez enviados anteriormente. Con lo cual, la Provincia cuenta con 98 respiradores para hacer frente a la emergencia por la pandemia de Coronavirus.<\/p>\n<p>Adem\u00e1s, se recibieron elementos de protecci\u00f3n personal, destinados a los equipos de salud. Los que comprenden antiparras, barbijos, guantes, m\u00e1scaras protectoras faciales, mamelucos y un term\u00f3metro infrarrojo.<\/p>\n<p>Desde el aeropuerto de El Palomar, parti\u00f3 un avi\u00f3n Fokker F28 perteneciente a la Fuerza A\u00e9rea Argentina, dependiente del Ministerio de Defensa, con destino a Chaco y Tucum\u00e1n. Desde all\u00ed se repartieron los equipamientos para las provincias de Formosa, Corrientes, Misiones Santiago del Estero, Salta y Jujuy.<\/p>\n<p>Agentes del Ministerio de Salud P\u00fablica de Corrientes se trasladaron, cumpliendo el protocolo sanitario, hasta el aeropuerto de la vecina provincia del Chaco para recibir all\u00ed el equipamiento respectivo.<\/p>\n<p>El ministro de Salud de la Naci\u00f3n,\u00a0 Gin\u00e9s Gonz\u00e1lez Garc\u00eda, expres\u00f3: &#8220;Se trata de ayudarnos entre todos y que los recursos est\u00e9n donde m\u00e1s hagan falta, as\u00ed podremos lograr fortalecer el sistema sanitario para poder cuidar a todos los argentinos&#8221;.<\/p>\n<p>Cabe mencionar que esta entrega forma parte de 153 respiradores, 40 ec\u00f3grafos y 193.552 elementos de protecci\u00f3n personal que se distribuyen entre las provincias.<\/p>\n","protected":false},"excerpt":{"rendered":"<p>Se trata de cuatro respiradores y elementos de protecci\u00f3n destinados a los equipos de salud, entre ellos antiparras, m\u00e1scaras, mamelucos y term\u00f3metros infrarrojos, enviados por el Ministerio de Salud de la Naci\u00f3n. &nbsp; El titular de la cartera sanitaria provincial, Ricardo Cardozo, confirm\u00f3 este s\u00e1bado la llegada de cuatro respiradores al aeropuerto de la ciudad [&hellip;]<\/p>\n","protected":false},"author":1,"featured_media":38127,"comment_status":"closed","ping_status":"closed","sticky":false,"template":"","format":"standard","meta":{"footnotes":""},"categories":[10,11],"tags":[],"class_list":["post-38125","post","type-post","status-publish","format-standard","has-post-thumbnail","hentry","category-provinciales","category-sociedad"],"_links":{"self":[{"href":"http:\/\/informateesquina.com\/index.php?rest_route=\/wp\/v2\/posts\/38125","targetHints":{"allow":["GET"]}}],"collection":[{"href":"http:\/\/informateesquina.com\/index.php?rest_route=\/wp\/v2\/posts"}],"about":[{"href":"http:\/\/informateesquina.com\/index.php?rest_route=\/wp\/v2\/types\/post"}],"author":[{"embeddable":true,"href":"http:\/\/informateesquina.com\/index.php?rest_route=\/wp\/v2\/users\/1"}],"replies":[{"embeddable":true,"href":"http:\/\/informateesquina.com\/index.php?rest_route=%2Fwp%2Fv2%2Fcomments&post=38125"}],"version-history":[{"count":0,"href":"http:\/\/informateesquina.com\/index.php?rest_route=\/wp\/v2\/posts\/38125\/revisions"}],"wp:featuredmedia":[{"embeddable":true,"href":"http:\/\/informateesquina.com\/index.php?rest_route=\/"}],"wp:attachment":[{"href":"http:\/\/informateesquina.com\/index.php?rest_route=%2Fwp%2Fv2%2Fmedia&parent=38125"}],"wp:term":[{"taxonomy":"category","embeddable":true,"href":"http:\/\/informateesquina.com\/index.php?rest_route=%2Fwp%2Fv2%2Fcategories&post=38125"},{"taxonomy":"post_tag","embeddable":true,"href":"http:\/\/informateesquina.com\/index.php?rest_route=%2Fwp%2Fv2%2Ftags&post=38125"}],"curies":[{"name":"wp","href":"https:\/\/api.w.org\/{rel}","templated":true}]}}