{"id":38129,"date":"2020-04-12T15:25:04","date_gmt":"2020-04-12T18:25:04","guid":{"rendered":"https:\/\/informateesquina.com\/?p=38129"},"modified":"2020-04-12T15:25:04","modified_gmt":"2020-04-12T18:25:04","slug":"mataron-de-un-balazo-a-un-prefecto-en-puerto-deseado","status":"publish","type":"post","link":"http:\/\/informateesquina.com\/?p=38129","title":{"rendered":"Para escapar de la cuarentena, mataron de un balazo a un prefecto en Puerto Deseado"},"content":{"rendered":"<div class=\"col-md-12\">\n<h1><span style=\"color: #666666; font-family: Roboto, sans-serif; font-size: 15px;\">Un efectivo de la Prefectura Naval fue asesinado de un balazo en la axila mientras realizaba controles vehiculares en el marco de la cuarentena obligatoria en la ciudad santacrucense de Puerto Deseado, y el agresor muri\u00f3 minutos despu\u00e9s de tirotearse con polic\u00edas y de tomar como reh\u00e9n a una persona en una plaza, informaron fuentes policiales.\u00a0 <\/span><strong style=\"color: #666666; font-family: Roboto, sans-serif; font-size: 15px;\">Las im\u00e1genes pueden herir la susceptibilidad.<\/strong><\/h1>\n<div class=\"image_review_wrapper\">\n<div class=\"swiper-container swiper-container-horizontal swiper-container-android\">\n<div class=\"swiper-wrapper\">\n<div class=\"swiper-slide swiper-slide-active\"><a href=\"https:\/\/www.radiosudamericana.com\/notix\/multimedia\/imagenes\/fotos\/2020-04-10\/209165.jpg\"><img decoding=\"async\" class=\"img-responsive\" src=\"https:\/\/www.radiosudamericana.com\/notix\/multimedia\/imagenes\/fotos\/2020-04-10\/209165.jpg\" alt=\"Responsive image\" \/><\/a><\/div>\n<div class=\"swiper-slide swiper-slide-next\"><a href=\"https:\/\/www.radiosudamericana.com\/notix\/multimedia\/imagenes\/fotos\/2020-04-10\/369745.jpg\"><img decoding=\"async\" class=\"img-responsive\" src=\"https:\/\/www.radiosudamericana.com\/notix\/multimedia\/imagenes\/fotos\/2020-04-10\/369745.jpg\" alt=\"Responsive image\" \/><\/a><\/div>\n<\/div>\n<\/div>\n<\/div>\n<ul id=\"social_nota3\">\n<li><\/li>\n<\/ul>\n<\/div>\n<p>Otra tragedia vuelve a enlutar a Puerto Deseado. Un joven quiso evadir un control por la cuarentena, por calle Capit\u00e1n Onetto. Dispar\u00f3 a quemarropa contra el prefecto, lo que le provoc\u00f3 heridas mortales.<\/p>\n<p>El agresor, identificado como Pedro Espinoza, de 21 a\u00f1os de edad, se escap\u00f3 hacia un gimnasio lindante. Prefectura, con el apoyo de la Polic\u00eda provincial, montaron un operativo para atrapar el sujeto.<\/p>\n<p>Tras un intercambio de disparos, las balas de las fuerzas de seguridad dieron contra sus \u00f3rganos vitales y muri\u00f3 en el lugar.<\/p>\n<p>Mientras todo esto suced\u00eda, el efectivo de la Prefectura Naval Argentina, agonizaba en el Hospital Distrital de Puerto Deseado.<\/p>\n<p>&#8220;Se escucharon muchos tiros de arma&#8221; manifestaron vecinos de la zona de la plaza &#8220;Del Encuentro&#8221;.<\/p>\n<p><img decoding=\"async\" class=\"img-responsive\" src=\"https:\/\/www.radiosudamericana.com\/notix\/multimedia\/imagenes\/fotos\/2020-04-10\/369745.jpg\" \/><\/p>\n<p>Acudieron al lugar del hecho autoridades policiales, de Prefectura, el intendente municipal Gustavo Gonz\u00e1lez y el presidente del Concejo Deliberante, Sergio Viotti.<br \/>\nFuente: La Opini\u00f3n Austral<\/p>\n","protected":false},"excerpt":{"rendered":"<p>Un efectivo de la Prefectura Naval fue asesinado de un balazo en la axila mientras realizaba controles vehiculares en el marco de la cuarentena obligatoria en la ciudad santacrucense de Puerto Deseado, y el agresor muri\u00f3 minutos despu\u00e9s de tirotearse con polic\u00edas y de tomar como reh\u00e9n a una persona en una plaza, informaron fuentes [&hellip;]<\/p>\n","protected":false},"author":1,"featured_media":38130,"comment_status":"closed","ping_status":"closed","sticky":false,"template":"","format":"standard","meta":{"footnotes":""},"categories":[8],"tags":[136],"class_list":["post-38129","post","type-post","status-publish","format-standard","has-post-thumbnail","hentry","category-policiales","tag-destacados"],"_links":{"self":[{"href":"http:\/\/informateesquina.com\/index.php?rest_route=\/wp\/v2\/posts\/38129","targetHints":{"allow":["GET"]}}],"collection":[{"href":"http:\/\/informateesquina.com\/index.php?rest_route=\/wp\/v2\/posts"}],"about":[{"href":"http:\/\/informateesquina.com\/index.php?rest_route=\/wp\/v2\/types\/post"}],"author":[{"embeddable":true,"href":"http:\/\/informateesquina.com\/index.php?rest_route=\/wp\/v2\/users\/1"}],"replies":[{"embeddable":true,"href":"http:\/\/informateesquina.com\/index.php?rest_route=%2Fwp%2Fv2%2Fcomments&post=38129"}],"version-history":[{"count":0,"href":"http:\/\/informateesquina.com\/index.php?rest_route=\/wp\/v2\/posts\/38129\/revisions"}],"wp:featuredmedia":[{"embeddable":true,"href":"http:\/\/informateesquina.com\/index.php?rest_route=\/"}],"wp:attachment":[{"href":"http:\/\/informateesquina.com\/index.php?rest_route=%2Fwp%2Fv2%2Fmedia&parent=38129"}],"wp:term":[{"taxonomy":"category","embeddable":true,"href":"http:\/\/informateesquina.com\/index.php?rest_route=%2Fwp%2Fv2%2Fcategories&post=38129"},{"taxonomy":"post_tag","embeddable":true,"href":"http:\/\/informateesquina.com\/index.php?rest_route=%2Fwp%2Fv2%2Ftags&post=38129"}],"curies":[{"name":"wp","href":"https:\/\/api.w.org\/{rel}","templated":true}]}}