{"id":38134,"date":"2020-04-12T15:43:27","date_gmt":"2020-04-12T18:43:27","guid":{"rendered":"https:\/\/informateesquina.com\/?p=38134"},"modified":"2020-04-12T15:43:27","modified_gmt":"2020-04-12T18:43:27","slug":"decreto-nacional-estas-son-las-actividades-exceptuadas","status":"publish","type":"post","link":"http:\/\/informateesquina.com\/?p=38134","title":{"rendered":"Decreto Nacional: estas son las actividades exceptuadas"},"content":{"rendered":"<div class=\"col-md-12\">\n<h1><span style=\"color: #666666; font-family: Roboto, sans-serif; font-size: 15px;\">Tras la confirmaci\u00f3n de la extensi\u00f3n de la cuarentena, se dieron a conocer las nuevas actividades exceptuadas en el Decreto Nacional. Quedar\u00e1n habilitados\u00a0\u00a0venta de repuestos, partes y piezas para automotores, motocicletas y bicicletas \u00fanicamente bajo la modalidad de entrega puerta a puerta. La misma modalidad corresponder\u00e1 para las librer\u00edas: conoc\u00e9 los detalles en la siguiente nota.\u00a0<\/span><\/h1>\n<div class=\"image_review_wrapper\">\n<div class=\"swiper-container swiper-container-horizontal swiper-container-android\">\n<div class=\"swiper-wrapper\">\n<div class=\"swiper-slide swiper-slide-active\"><a href=\"https:\/\/www.radiosudamericana.com\/notix\/multimedia\/imagenes\/fotos\/2020-04-11\/538129.jpg\"><img decoding=\"async\" class=\"img-responsive\" src=\"https:\/\/www.radiosudamericana.com\/notix\/multimedia\/imagenes\/fotos\/2020-04-11\/538129.jpg\" alt=\"Responsive image\" \/><\/a><\/div>\n<\/div>\n<\/div>\n<\/div>\n<ul id=\"social_nota3\">\n<li><\/li>\n<\/ul>\n<\/div>\n<p>ART\u00cdCULO 1\u00b0.- Ampl\u00edase el listado de actividades y servicios exceptuados en los t\u00e9rminos previstos en el art\u00edculo 6\u00b0 del Decreto N\u00b0 297\/20, conforme se establece a continuaci\u00f3n:<\/p>\n<p>*Circulaci\u00f3n de las personas con discapacidad y aquellas comprendidas en el colectivo de trastorno del espectro autista, para realizar breves salidas en la cercan\u00eda de su residencia, junto con un familiar o conviviente. En tales casos, las personas asistidas y su acompa\u00f1ante deber\u00e1n portar sus respectivos Documentos Nacionales de Identidad y el Certificado \u00danico de Discapacidad o la prescripci\u00f3n m\u00e9dica donde se indique el diagn\u00f3stico y la necesidad de salidas, la cual podr\u00e1 ser confeccionada en forma digital.<\/p>\n<p><strong>1. Prestaciones profesionales a domicilio destinadas a personas con discapacidad y aquellas comprendidas en el colectivo de trastorno del espectro autista. Los profesionales deber\u00e1n portar copia del Documento Nacional de Identidad de la persona bajo tratamiento y del Certificado \u00danico de Discapacidad, o la prescripci\u00f3n m\u00e9dica correspondiente con los requisitos previstos en el inciso anterior.<\/strong><\/p>\n<p><strong>2. Actividad bancaria con atenci\u00f3n al p\u00fablico, exclusivamente con sistema de turnos. El BANCO CENTRAL DE LA REP\u00daBLICA ARGENTINA establecer\u00e1, mientras dure la medida de aislamiento social, preventivo y obligatorio, los t\u00e9rminos y condiciones en los cuales se realizar\u00e1 la actividad bancaria, pudiendo ampliar o<\/strong><\/p>\n<p><strong>3. restringir d\u00edas y horarios de atenci\u00f3n, servicios a ser prestados y grupos exclusivos o prioritarios de personas a ser atendidas, as\u00ed como todo otro aspecto necesario para dar cumplimiento a las instrucciones y recomendaciones de la autoridad sanitaria. Talleres para mantenimiento y reparaci\u00f3n de automotores, motocicletas y bicicletas, exclusivamente para transporte p\u00fablico, veh\u00edculos de las fuerzas de seguridad y fuerzas armadas, veh\u00edculos afectados a las prestaciones de salud o al personal con autorizaci\u00f3n para circular, conforme la normativa vigente.<\/strong><\/p>\n<p><strong>4.\u00a0Venta de repuestos, partes y piezas para automotores, motocicletas y bicicletas \u00fanicamente bajo la modalidad de entrega puerta a puerta. En ning\u00fan caso podr\u00e1n realizar atenci\u00f3n al p\u00fablico.<\/strong><\/p>\n<p><strong>5.\u00a0Fabricaci\u00f3n de neum\u00e1ticos; venta y reparaci\u00f3n de los mismos exclusivamente para transporte p\u00fablico, veh\u00edculos de las fuerzas de seguridad y fuerzas armadas, veh\u00edculos afectados a las prestaciones de salud o al personal con autorizaci\u00f3n para circular, conforme la normativa vigente.<\/strong><\/p>\n<p><strong>6. Venta de art\u00edculos de librer\u00eda e insumos inform\u00e1ticos, exclusivamente bajo la modalidad de entrega a domiclio. En ning\u00fan caso se podr\u00e1 realizar atenci\u00f3n al p\u00fablico.<\/strong><\/p>\n<p><strong>7. Los desplazamientos de las personas alcanzadas por el presente art\u00edculo deber\u00e1n limitarse al estricto cumplimiento de las actividades y servicios exceptuados. En todos los casos se deber\u00e1n observar las recomendaciones e instrucciones de la autoridad sanitaria con el fin de evitar el contagio, incorporando protocolos sanitarios, organizaci\u00f3n por turnos para la prestaci\u00f3n de servicios, adecuaci\u00f3n de los modos de trabajo y de traslado a tal efecto.<\/strong><\/p>\n<p>Los empleadores y las empleadoras deber\u00e1n garantizar las condiciones de higiene y seguridad establecidas por el MINISTERIO DE SALUD para preservar la salud de las trabajadoras y de los trabajadores.<\/p>\n<p>ART\u00cdCULO 2\u00b0.- Las personas alcanzadas por esta decisi\u00f3n administrativa, con excepci\u00f3n de las previstas por los incisos 1 y 2 del art\u00edculo 1\u00b0, deber\u00e1n tramitar el Certificado \u00danico Habilitante para Circulaci\u00f3n \u2013 Emergencia COVID-19<\/p>\n","protected":false},"excerpt":{"rendered":"<p>Tras la confirmaci\u00f3n de la extensi\u00f3n de la cuarentena, se dieron a conocer las nuevas actividades exceptuadas en el Decreto Nacional. Quedar\u00e1n habilitados\u00a0\u00a0venta de repuestos, partes y piezas para automotores, motocicletas y bicicletas \u00fanicamente bajo la modalidad de entrega puerta a puerta. La misma modalidad corresponder\u00e1 para las librer\u00edas: conoc\u00e9 los detalles en la siguiente [&hellip;]<\/p>\n","protected":false},"author":1,"featured_media":38135,"comment_status":"closed","ping_status":"closed","sticky":false,"template":"","format":"standard","meta":{"footnotes":""},"categories":[11],"tags":[],"class_list":["post-38134","post","type-post","status-publish","format-standard","has-post-thumbnail","hentry","category-sociedad"],"_links":{"self":[{"href":"http:\/\/informateesquina.com\/index.php?rest_route=\/wp\/v2\/posts\/38134","targetHints":{"allow":["GET"]}}],"collection":[{"href":"http:\/\/informateesquina.com\/index.php?rest_route=\/wp\/v2\/posts"}],"about":[{"href":"http:\/\/informateesquina.com\/index.php?rest_route=\/wp\/v2\/types\/post"}],"author":[{"embeddable":true,"href":"http:\/\/informateesquina.com\/index.php?rest_route=\/wp\/v2\/users\/1"}],"replies":[{"embeddable":true,"href":"http:\/\/informateesquina.com\/index.php?rest_route=%2Fwp%2Fv2%2Fcomments&post=38134"}],"version-history":[{"count":0,"href":"http:\/\/informateesquina.com\/index.php?rest_route=\/wp\/v2\/posts\/38134\/revisions"}],"wp:featuredmedia":[{"embeddable":true,"href":"http:\/\/informateesquina.com\/index.php?rest_route=\/"}],"wp:attachment":[{"href":"http:\/\/informateesquina.com\/index.php?rest_route=%2Fwp%2Fv2%2Fmedia&parent=38134"}],"wp:term":[{"taxonomy":"category","embeddable":true,"href":"http:\/\/informateesquina.com\/index.php?rest_route=%2Fwp%2Fv2%2Fcategories&post=38134"},{"taxonomy":"post_tag","embeddable":true,"href":"http:\/\/informateesquina.com\/index.php?rest_route=%2Fwp%2Fv2%2Ftags&post=38134"}],"curies":[{"name":"wp","href":"https:\/\/api.w.org\/{rel}","templated":true}]}}