{"id":38144,"date":"2020-04-13T12:09:51","date_gmt":"2020-04-13T15:09:51","guid":{"rendered":"https:\/\/informateesquina.com\/?p=38144"},"modified":"2020-04-13T12:09:51","modified_gmt":"2020-04-13T15:09:51","slug":"se-prorroga-la-suspension-del-transporte-interurbano-en-el-territorio-provincial","status":"publish","type":"post","link":"http:\/\/informateesquina.com\/?p=38144","title":{"rendered":"Se prorroga la suspensi\u00f3n del transporte\u00a0interurbano en el territorio provincial"},"content":{"rendered":"<p style=\"text-align: left;\">En consonancia con la extensi\u00f3n del aislamiento social, preventivo y obligatorio nacional, desde el \u00e1rea provincial se vuelve a suspender la actividad hasta el pr\u00f3ximo domingo 26 de abril, inclusive.<\/p>\n<p style=\"text-align: left;\">\n<p style=\"text-align: left;\">El director de Transporte Terrestre del Ministerio de Obras y Servicios P\u00fablicos, Armando P\u00e9rez Moiraghi, dispuso la pr\u00f3rroga de la suspensi\u00f3n total del servicio de transporte terrestre interurbano p\u00fablico automotor de pasajeros, con origen y destino dentro del territorio provincial, desde el d\u00eda de la fecha hasta las 24 horas del pr\u00f3ximo 26 de abril.<\/p>\n<p style=\"text-align: left;\">\n<p style=\"text-align: left;\">Cabe recordar que la medida fue originalmente dispuesta por decreto provincial N\u00b0 534\/2020 y prorrogada por disposici\u00f3n N\u00b0 042, el pasado 24 de marzo.<\/p>\n<p style=\"text-align: left;\">\n<p style=\"text-align: left;\">\n","protected":false},"excerpt":{"rendered":"<p>En consonancia con la extensi\u00f3n del aislamiento social, preventivo y obligatorio nacional, desde el \u00e1rea provincial se vuelve a suspender la actividad hasta el pr\u00f3ximo domingo 26 de abril, inclusive. El director de Transporte Terrestre del Ministerio de Obras y Servicios P\u00fablicos, Armando P\u00e9rez Moiraghi, dispuso la pr\u00f3rroga de la suspensi\u00f3n total del servicio de [&hellip;]<\/p>\n","protected":false},"author":1,"featured_media":38145,"comment_status":"closed","ping_status":"closed","sticky":false,"template":"","format":"standard","meta":{"footnotes":""},"categories":[10],"tags":[136],"class_list":["post-38144","post","type-post","status-publish","format-standard","has-post-thumbnail","hentry","category-provinciales","tag-destacados"],"_links":{"self":[{"href":"http:\/\/informateesquina.com\/index.php?rest_route=\/wp\/v2\/posts\/38144","targetHints":{"allow":["GET"]}}],"collection":[{"href":"http:\/\/informateesquina.com\/index.php?rest_route=\/wp\/v2\/posts"}],"about":[{"href":"http:\/\/informateesquina.com\/index.php?rest_route=\/wp\/v2\/types\/post"}],"author":[{"embeddable":true,"href":"http:\/\/informateesquina.com\/index.php?rest_route=\/wp\/v2\/users\/1"}],"replies":[{"embeddable":true,"href":"http:\/\/informateesquina.com\/index.php?rest_route=%2Fwp%2Fv2%2Fcomments&post=38144"}],"version-history":[{"count":0,"href":"http:\/\/informateesquina.com\/index.php?rest_route=\/wp\/v2\/posts\/38144\/revisions"}],"wp:featuredmedia":[{"embeddable":true,"href":"http:\/\/informateesquina.com\/index.php?rest_route=\/"}],"wp:attachment":[{"href":"http:\/\/informateesquina.com\/index.php?rest_route=%2Fwp%2Fv2%2Fmedia&parent=38144"}],"wp:term":[{"taxonomy":"category","embeddable":true,"href":"http:\/\/informateesquina.com\/index.php?rest_route=%2Fwp%2Fv2%2Fcategories&post=38144"},{"taxonomy":"post_tag","embeddable":true,"href":"http:\/\/informateesquina.com\/index.php?rest_route=%2Fwp%2Fv2%2Ftags&post=38144"}],"curies":[{"name":"wp","href":"https:\/\/api.w.org\/{rel}","templated":true}]}}