{"id":38153,"date":"2020-04-13T15:44:36","date_gmt":"2020-04-13T18:44:36","guid":{"rendered":"https:\/\/informateesquina.com\/?p=38153"},"modified":"2020-04-13T15:44:36","modified_gmt":"2020-04-13T18:44:36","slug":"seis-errores-comunes-al-usar-barbijos","status":"publish","type":"post","link":"http:\/\/informateesquina.com\/?p=38153","title":{"rendered":"Seis errores comunes al usar barbijos"},"content":{"rendered":"<div class=\"article-title\"><\/div>\n<div class=\"article-sub-title \">\n<h3><span style=\"color: #666666; font-family: Roboto, sans-serif; font-size: 15px;\">En la mayor\u00eda de las ciudades del pa\u00eds es obligatorio el uso de barbijos caseros o tambi\u00e9n llamados \u201csociales\u201d, con el objetivo de evitar la propagaci\u00f3n del <\/span>coronavirus<span style=\"color: #666666; font-family: Roboto, sans-serif; font-size: 15px;\">, al salir a la calle en casos excepcionales.<\/span><\/h3>\n<div class=\"row\">\n<div class=\"col col-8\">\n<div class=\"banner-libre\"><\/div>\n<article class=\"article-body\">\n<div class=\"article-content selectionShareable\">\n<div class=\"cuerpo\" data-twitter-link=\"\">\n<p>M\u00e1s all\u00e1 del grueso material que debe utilizarse para fabricar los \u201ccubrebocas\u201d en casa, o la doble tela, en caso de no contar con los elementos precisos, hay una serie de errores comunes que se cometen al utilizar el barbijo, tanto quir\u00fargico, N95, hasta los caseros.<\/p>\n<p><span id=\"saysCMSEmphasis2tltd6line3\" class=\"saysCMSEmphasis\">En primer lugar, es preciso aclarar que el uso de mascarilla debe combinarse con el correcto lavado de manos y el distanciamiento social para garantizar su efectividad contra el virus.<\/span><\/p>\n<p><strong>Errores comunes<\/strong><\/p>\n<ul>\n<li><strong>No lavarse las manos.<\/strong>\u00a0Hay que lavarse las manos antes de colocar y quitar el barbijo.<\/li>\n<li><strong>No cubrir correctamente el rostro.<\/strong>\u00a0El barbijo no debe usarse debajo de la nariz, ni por encima de la barbilla.<strong>\u00a0Debe tapar la mayor parte de la cara, dejando los ojos \u00fanicamente sin cubrir.<\/strong><\/li>\n<li><strong>No ajustar el barbijo. El &#8220;cubrebocas&#8221; no debe usarse flojo<\/strong>, dejando espacios entre la mascarilla y la piel. Al contrario, tiene que ajustarse para que el aire no se escape por los costados.<\/li>\n<li><strong>Correr el barbijo de su lugar. El cubrebocas no debe colocarse debajo de la barbilla para hablar o \u201cdescansar\u201d.<\/strong><strong>Debe permanecer en su lugar, sin tocarlo con las manos,<\/strong>para evitar llevar el virus hacia el rosto y\u00a0<strong>sin correrlo al cuello<\/strong>, para no contagiar a otros.<\/li>\n<li><strong>Quitarlo desde el frente del barbijo. La mascarilla tiene que sacarse siempre desde los el\u00e1sticos con una mano limpia<\/strong>.<\/li>\n<li><strong>Sacarlo y dejarlo apoyado en cualquier parte de la casa. Luego de quitarlo, debe lavarse con agua y jab\u00f3n<\/strong>\u00a0y mantenerlo en un lugar limpio y seco.\n<div class=\"col-4\"><\/div>\n<\/li>\n<\/ul>\n<\/div>\n<\/div>\n<\/article>\n<\/div>\n<div class=\"col col-4\">\n<aside>\n<div class=\"aside-section reading-now\">\n<div class=\"aside-titulo\"><\/div>\n<\/div>\n<div class=\"aside-section aside-lista\"><\/div>\n<div class=\"banner-libre\">\n<div id=\"taboola-below-article-thumbnails\" class=\" trc_related_container trc_spotlight_widget\"><\/div>\n<\/div>\n<div class=\"banner-libre\"><\/div>\n<\/aside>\n<\/div>\n<\/div>\n<section class=\"bg-ligth\">\n<div class=\"banner-libre gray-border\">\n<div class=\"banner-content\"><\/div>\n<\/div>\n<\/section>\n<\/div>\n","protected":false},"excerpt":{"rendered":"<p>En la mayor\u00eda de las ciudades del pa\u00eds es obligatorio el uso de barbijos caseros o tambi\u00e9n llamados \u201csociales\u201d, con el objetivo de evitar la propagaci\u00f3n del coronavirus, al salir a la calle en casos excepcionales. M\u00e1s all\u00e1 del grueso material que debe utilizarse para fabricar los \u201ccubrebocas\u201d en casa, o la doble tela, en [&hellip;]<\/p>\n","protected":false},"author":1,"featured_media":38154,"comment_status":"closed","ping_status":"closed","sticky":false,"template":"","format":"standard","meta":{"footnotes":""},"categories":[11],"tags":[136],"class_list":["post-38153","post","type-post","status-publish","format-standard","has-post-thumbnail","hentry","category-sociedad","tag-destacados"],"_links":{"self":[{"href":"http:\/\/informateesquina.com\/index.php?rest_route=\/wp\/v2\/posts\/38153","targetHints":{"allow":["GET"]}}],"collection":[{"href":"http:\/\/informateesquina.com\/index.php?rest_route=\/wp\/v2\/posts"}],"about":[{"href":"http:\/\/informateesquina.com\/index.php?rest_route=\/wp\/v2\/types\/post"}],"author":[{"embeddable":true,"href":"http:\/\/informateesquina.com\/index.php?rest_route=\/wp\/v2\/users\/1"}],"replies":[{"embeddable":true,"href":"http:\/\/informateesquina.com\/index.php?rest_route=%2Fwp%2Fv2%2Fcomments&post=38153"}],"version-history":[{"count":0,"href":"http:\/\/informateesquina.com\/index.php?rest_route=\/wp\/v2\/posts\/38153\/revisions"}],"wp:featuredmedia":[{"embeddable":true,"href":"http:\/\/informateesquina.com\/index.php?rest_route=\/"}],"wp:attachment":[{"href":"http:\/\/informateesquina.com\/index.php?rest_route=%2Fwp%2Fv2%2Fmedia&parent=38153"}],"wp:term":[{"taxonomy":"category","embeddable":true,"href":"http:\/\/informateesquina.com\/index.php?rest_route=%2Fwp%2Fv2%2Fcategories&post=38153"},{"taxonomy":"post_tag","embeddable":true,"href":"http:\/\/informateesquina.com\/index.php?rest_route=%2Fwp%2Fv2%2Ftags&post=38153"}],"curies":[{"name":"wp","href":"https:\/\/api.w.org\/{rel}","templated":true}]}}