{"id":38156,"date":"2020-04-13T16:12:49","date_gmt":"2020-04-13T19:12:49","guid":{"rendered":"https:\/\/informateesquina.com\/?p=38156"},"modified":"2020-04-13T16:12:49","modified_gmt":"2020-04-13T19:12:49","slug":"ricardo-darin-hay-gente-que-se-esta-haciendo-multimillonaria","status":"publish","type":"post","link":"http:\/\/informateesquina.com\/?p=38156","title":{"rendered":"Ricardo Dar\u00edn: &#8220;Hay gente que se est\u00e1 haciendo multimillonaria&#8221;"},"content":{"rendered":"<div class=\"detail-body \">\n<div class=\"preview\">\n<h3>Aislado en su casa de Buenos Aires, Ricardo Dar\u00edn brind\u00f3 una extensa entrevista por skype. Llam\u00f3 la atenci\u00f3n sobre la desigualdad y las personas que est\u00e1n acumulando riqueza durante esta crisis.<\/h3>\n<\/div>\n<\/div>\n<div class=\"detail-body\">\n<article id=\"note-body\" class=\"note-body first\" data-twitter-link=\"https:\/\/twitter.com\/intent\/tweet?url=https:\/\/www.minutouno.com\/c5095332&amp;v\u00eda=minutounocom&amp;related=MinutoUno&amp;text=\">\n<div class=\"row\">\n<div class=\"inside-note col-xs-12\">\n<p>Ricardo Dar\u00edn\u00a0particip\u00f3 este domingo en el programa espa\u00f1ol<em>\u00a0Lo de \u00c9vole<\/em>\u00a0y analiz\u00f3 varios aspectos de la crisis mundial por la pandemia del\u00a0coronavirus.<\/p>\n<\/div>\n<\/div>\n<\/article>\n<\/div>\n<div class=\"banner-libre no-margin\"><\/div>\n<div class=\"clearfix\"><\/div>\n<div class=\"detail-body \">\n<article id=\"note-body\" class=\"note-body\" data-twitter-link=\"https:\/\/twitter.com\/intent\/tweet?url=https:\/\/www.minutouno.com\/c5095332&amp;v\u00eda=minutounocom&amp;related=MinutoUno&amp;text=\">\n<div class=\"row\">\n<div class=\"inside-note col-xs-12\">\n<p>&#8220;<span id=\"saysCMSEmphasisgtaa2wsxnst\" class=\"saysCMSEmphasis\">Hay gente que se est\u00e1 haciendo multimillonaria por esto<\/span>&#8220;, fue una de sus frases m\u00e1s fuertes, en el marco de una cr\u00edtica al sistema capitalista mundial.<\/p>\n<p>&#8220;Es un momento hist\u00f3rico. Vamos a salir modificados de aqu\u00ed. Esto nos desenmascara. La necesidad de conseguir cosas esenciales.<span id=\"saysCMSEmphasisij7e7jap2j\" class=\"saysCMSEmphasis\">\u00a0No desenmascara de la cantidad de estupideces que vivimos persiguiendo. Consumimos cosas que no necesitamos. Le\u00ed el otro d\u00eda un art\u00edculo que dec\u00eda &#8216;la econom\u00eda se tambalea porque estamos comprando solo lo que necesitamos&#8217; y es as\u00ed<\/span>&#8220;, coment\u00f3, desde una mirada social y econ\u00f3mica.<\/p>\n<p>Adem\u00e1s, expres\u00f3 su gran preocupaci\u00f3n por la gente de la tercera edad que transita el aislamiento en soledad y agreg\u00f3: &#8220;Estamos dependiendo de los dem\u00e1s ese puede ser el gen modificador estamos luchando contra el ego estamos haciendo algo bueno, porque es nuestro monstruo interno&#8221;.<\/p>\n<p>Por otro lado, Dar\u00edn critic\u00f3 al sistema capitalista la acumulaci\u00f3n de riqueza. &#8220;La estupidez esto me inquieta desde hace d\u00e9cadas. Estupidez de cometer errores que cuentas vidas.\u00a0<span id=\"saysCMSEmphasisnon9chb2xd\" class=\"saysCMSEmphasis\">La estupidez de los necios que se distraen con teor\u00edas conspirativas.\u00a0<\/span>Estamos todos en la misma sopa y hay que resolver el d\u00eda a d\u00eda&#8221;, cuestion\u00f3.<\/p>\n<p>&#8220;<span id=\"saysCMSEmphasis9fdb0lxm6r\" class=\"saysCMSEmphasis\">Me inquieta que no detectemos qu\u00e9 est\u00e1 ocurriendo y tambi\u00e9n no poder ayudar m\u00e1s. Hay una profunda desigualdad en el mundo y la vamos a sentir en forma dolorosa&#8230; La acumulaci\u00f3n de la riqueza&#8230; Hay gente que se est\u00e1 haciendo multimillonaria por esto<\/span>&#8220;, cerr\u00f3.<\/p>\n<\/div>\n<\/div>\n<\/article>\n<\/div>\n","protected":false},"excerpt":{"rendered":"<p>Aislado en su casa de Buenos Aires, Ricardo Dar\u00edn brind\u00f3 una extensa entrevista por skype. Llam\u00f3 la atenci\u00f3n sobre la desigualdad y las personas que est\u00e1n acumulando riqueza durante esta crisis. Ricardo Dar\u00edn\u00a0particip\u00f3 este domingo en el programa espa\u00f1ol\u00a0Lo de \u00c9vole\u00a0y analiz\u00f3 varios aspectos de la crisis mundial por la pandemia del\u00a0coronavirus. &#8220;Hay gente que [&hellip;]<\/p>\n","protected":false},"author":1,"featured_media":38157,"comment_status":"closed","ping_status":"closed","sticky":false,"template":"","format":"standard","meta":{"footnotes":""},"categories":[4],"tags":[],"class_list":["post-38156","post","type-post","status-publish","format-standard","has-post-thumbnail","hentry","category-espectaculos"],"_links":{"self":[{"href":"http:\/\/informateesquina.com\/index.php?rest_route=\/wp\/v2\/posts\/38156","targetHints":{"allow":["GET"]}}],"collection":[{"href":"http:\/\/informateesquina.com\/index.php?rest_route=\/wp\/v2\/posts"}],"about":[{"href":"http:\/\/informateesquina.com\/index.php?rest_route=\/wp\/v2\/types\/post"}],"author":[{"embeddable":true,"href":"http:\/\/informateesquina.com\/index.php?rest_route=\/wp\/v2\/users\/1"}],"replies":[{"embeddable":true,"href":"http:\/\/informateesquina.com\/index.php?rest_route=%2Fwp%2Fv2%2Fcomments&post=38156"}],"version-history":[{"count":0,"href":"http:\/\/informateesquina.com\/index.php?rest_route=\/wp\/v2\/posts\/38156\/revisions"}],"wp:featuredmedia":[{"embeddable":true,"href":"http:\/\/informateesquina.com\/index.php?rest_route=\/"}],"wp:attachment":[{"href":"http:\/\/informateesquina.com\/index.php?rest_route=%2Fwp%2Fv2%2Fmedia&parent=38156"}],"wp:term":[{"taxonomy":"category","embeddable":true,"href":"http:\/\/informateesquina.com\/index.php?rest_route=%2Fwp%2Fv2%2Fcategories&post=38156"},{"taxonomy":"post_tag","embeddable":true,"href":"http:\/\/informateesquina.com\/index.php?rest_route=%2Fwp%2Fv2%2Ftags&post=38156"}],"curies":[{"name":"wp","href":"https:\/\/api.w.org\/{rel}","templated":true}]}}