{"id":38159,"date":"2020-04-13T16:18:03","date_gmt":"2020-04-13T19:18:03","guid":{"rendered":"https:\/\/informateesquina.com\/?p=38159"},"modified":"2020-04-13T16:18:03","modified_gmt":"2020-04-13T19:18:03","slug":"cuanto-debe-durar-la-cuarentena-segun-los-medicos-que-asesoran-a-alberto-fernandez","status":"publish","type":"post","link":"http:\/\/informateesquina.com\/?p=38159","title":{"rendered":"\u00bfCu\u00e1nto debe durar la cuarentena seg\u00fan los m\u00e9dicos que asesoran a Alberto Fern\u00e1ndez?"},"content":{"rendered":"<div class=\"detail-body \">\n<div class=\"preview\">\n<h3>Los especialistas avalan una cuarentena larga y estricta pero saben que eso no es posible de sostener por una cuesti\u00f3n econ\u00f3mica. Advierten que si se levantara hoy, en dos semanas habr\u00eda un pico muy grande.<\/h3>\n<p><img loading=\"lazy\" decoding=\"async\" class=\"alignnone size-medium wp-image-38161\" src=\"https:\/\/informateesquina.com\/wp-content\/uploads\/2020\/04\/cuarentena-coronavirus-ansiedad-300x158.jpg\" alt=\"\" width=\"300\" height=\"158\" \/><\/p>\n<\/div>\n<\/div>\n<div class=\"detail-body\">\n<article id=\"note-body\" class=\"note-body first\" data-twitter-link=\"https:\/\/twitter.com\/intent\/tweet?url=https:\/\/www.minutouno.com\/c5095308&amp;v\u00eda=minutounocom&amp;related=MinutoUno&amp;text=\">\n<div class=\"row\">\n<div class=\"inside-note col-xs-12\">\n<p><strong>Omar Sued,<\/strong>\u00a0presidente de la Sociedad Argentina de Infectolog\u00eda y uno de los asesores de\u00a0<strong>Alberto Fern\u00e1ndez<\/strong>\u00a0sobre el avance del\u00a0coronavirus, asegur\u00f3 este lunes que<span id=\"saysCMSEmphasisypqkefsggk9\"><\/span><span id=\"saysCMSEmphasisyveku87esqn\" class=\"saysCMSEmphasis\">\u00a0la cuarentena ideal tendr\u00eda que durar &#8220;12 semanas&#8221;, aunque admiti\u00f3 que es &#8220;imposible por un tema econ\u00f3mico&#8221;.<\/span><\/p>\n<\/div>\n<\/div>\n<\/article>\n<\/div>\n<div class=\"clearfix\"><\/div>\n<div class=\"detail-body \">\n<article id=\"note-body\" class=\"note-body\" data-twitter-link=\"https:\/\/twitter.com\/intent\/tweet?url=https:\/\/www.minutouno.com\/c5095308&amp;v\u00eda=minutounocom&amp;related=MinutoUno&amp;text=\">\n<div class=\"row\">\n<div class=\"inside-note col-xs-12\">\n<p>&#8220;La mayor\u00eda de los especialistas\u00a0<span id=\"saysCMSEmphasisqptw1xwstjk\" class=\"saysCMSEmphasis\">preferimos que se mantenga una cuarentena larga y estricta<\/span>. Idealmente la cuarentena tiene que durar 12 semanas, pero eso es imposible por el tema econ\u00f3mico. Entonces\u00a0<span id=\"saysCMSEmphasis2fuxe0f3dvh\" class=\"saysCMSEmphasis\">analizamos qu\u00e9 vamos a ir relajando o qu\u00e9 actividades iremos abriendo, para que sea sostenible para todos<\/span>&#8220;, analiz\u00f3 el especialista.<\/p>\n<p>En di\u00e1logo con radio\u00a0<em>Futurock<\/em>, Sued se\u00f1al\u00f3 que<span id=\"saysCMSEmphasismn0kxhvp51p\" class=\"saysCMSEmphasis\">\u00a0los n\u00fameros en Argentina son &#8220;estables&#8221; y evit\u00f3 hablar de un posible pico del virus.<\/span><\/p>\n<p><img loading=\"lazy\" decoding=\"async\" class=\"alignnone size-medium wp-image-38160\" src=\"https:\/\/informateesquina.com\/wp-content\/uploads\/2020\/04\/sindrome-de-cuarentena-que-es___4L0rO0Qis_1256x620__1-300x148.jpg\" alt=\"\" width=\"300\" height=\"148\" \/><\/p>\n<p>&#8220;<span id=\"saysCMSEmphasisvelsts1spbd\" class=\"saysCMSEmphasis\">El pico va a seguir sin aparecer en funci\u00f3n del tiempo que sigamos en cuarentena.\u00a0<\/span>Y el pico no se puede estimar, porque las estimaciones se pueden hacer en funci\u00f3n de las personas que se pueden movilizar&#8221;, aclar\u00f3. E insisti\u00f3 en que\u00a0<span id=\"saysCMSEmphasiszr0xj3blhlp\" class=\"saysCMSEmphasis\">si la cuarentena se levantara hoy, &#8220;podr\u00eda haber un pico grande en 14 d\u00edas&#8221;.<\/span><\/p>\n<p>En este sentido, agreg\u00f3:\u00a0<span id=\"saysCMSEmphasisznodfo239f\" class=\"saysCMSEmphasis\">&#8220;El n\u00famero que nos ayuda a mirar si va mal la cosa es el n\u00famero de casos. Si uno tuviera un 30% m\u00e1s de casos que el d\u00eda anterior, ver\u00edamos que es un desastre. Ahora si mantenemos ese n\u00famero estable, estamos en una situaci\u00f3n estable. Con que no aumente demasiado estamos contentos<\/span>&#8220;.<\/p>\n<p>Con respecto al rebrote de dengue, el infect\u00f3logo indic\u00f3: &#8220;<span id=\"saysCMSEmphasisrd0zg5nsjbr\" class=\"saysCMSEmphasis\">La pandemia te chupa todos los recursos humanos, de tiempo, de esfuerzo, de instalaciones. Y eso reduce la atenci\u00f3n en otras patolog\u00edas<\/span>. Hoy tenemos muchas personas con fiebre en las guardias que podr\u00edan tener dengue y se centraliza todo en descartar el coronavirus&#8221;.<\/p>\n<p>Seg\u00fan el \u00faltimo reporte del Ministerio de Salud, en Argentina se registran 96 muertos. &#8220;Es una tasa de mortalidad de casi el 4%, que es un poquito m\u00e1s alta que otros pa\u00edses pero es m\u00e1s baja que la media mundial; m\u00e1s baja que en Alemania o Chile&#8221;, coment\u00f3.<\/p>\n<\/div>\n<\/div>\n<\/article>\n<\/div>\n","protected":false},"excerpt":{"rendered":"<p>Los especialistas avalan una cuarentena larga y estricta pero saben que eso no es posible de sostener por una cuesti\u00f3n econ\u00f3mica. Advierten que si se levantara hoy, en dos semanas habr\u00eda un pico muy grande. Omar Sued,\u00a0presidente de la Sociedad Argentina de Infectolog\u00eda y uno de los asesores de\u00a0Alberto Fern\u00e1ndez\u00a0sobre el avance del\u00a0coronavirus, asegur\u00f3 este [&hellip;]<\/p>\n","protected":false},"author":1,"featured_media":38161,"comment_status":"closed","ping_status":"closed","sticky":false,"template":"","format":"standard","meta":{"footnotes":""},"categories":[11],"tags":[136],"class_list":["post-38159","post","type-post","status-publish","format-standard","has-post-thumbnail","hentry","category-sociedad","tag-destacados"],"_links":{"self":[{"href":"http:\/\/informateesquina.com\/index.php?rest_route=\/wp\/v2\/posts\/38159","targetHints":{"allow":["GET"]}}],"collection":[{"href":"http:\/\/informateesquina.com\/index.php?rest_route=\/wp\/v2\/posts"}],"about":[{"href":"http:\/\/informateesquina.com\/index.php?rest_route=\/wp\/v2\/types\/post"}],"author":[{"embeddable":true,"href":"http:\/\/informateesquina.com\/index.php?rest_route=\/wp\/v2\/users\/1"}],"replies":[{"embeddable":true,"href":"http:\/\/informateesquina.com\/index.php?rest_route=%2Fwp%2Fv2%2Fcomments&post=38159"}],"version-history":[{"count":0,"href":"http:\/\/informateesquina.com\/index.php?rest_route=\/wp\/v2\/posts\/38159\/revisions"}],"wp:featuredmedia":[{"embeddable":true,"href":"http:\/\/informateesquina.com\/index.php?rest_route=\/"}],"wp:attachment":[{"href":"http:\/\/informateesquina.com\/index.php?rest_route=%2Fwp%2Fv2%2Fmedia&parent=38159"}],"wp:term":[{"taxonomy":"category","embeddable":true,"href":"http:\/\/informateesquina.com\/index.php?rest_route=%2Fwp%2Fv2%2Fcategories&post=38159"},{"taxonomy":"post_tag","embeddable":true,"href":"http:\/\/informateesquina.com\/index.php?rest_route=%2Fwp%2Fv2%2Ftags&post=38159"}],"curies":[{"name":"wp","href":"https:\/\/api.w.org\/{rel}","templated":true}]}}