{"id":38176,"date":"2020-04-13T17:50:49","date_gmt":"2020-04-13T20:50:49","guid":{"rendered":"https:\/\/informateesquina.com\/?p=38176"},"modified":"2020-04-13T17:50:49","modified_gmt":"2020-04-13T20:50:49","slug":"anama-ferreira-se-puso-a-llorar-por-sus-deudas-tengo-que-pagar-9-alquileres-y-a-los-empleados","status":"publish","type":"post","link":"http:\/\/informateesquina.com\/?p=38176","title":{"rendered":"Anam\u00e1 Ferreira se puso a llorar por sus deudas: \u201cTengo que pagar 9 alquileres y a los empleados\u201d"},"content":{"rendered":"<section id=\"bomb-1\" class=\"col-xs-12\">\n<div id=\"f0TQ8jGDPyKOTr\" class=\"wrapper clearfix full pb-feature pb-layout-item pb-f-global-hot-topics\">\n<div class=\" hot-topics hidden-sm hidden-xs border-bottom-tight-hairline no-space border-top-no-space \">\n<div class=\"hot-topics-wrapper\">\n<p>La empresaria est\u00e1 muy angustiada porque no puede trabajar debido a la cuarentena obligatoria y no tiene \u201cespalda\u201d para enfrentar los gastos de su escuela de modelos<\/p>\n<\/div>\n<\/div>\n<\/div>\n<div class=\"pb-container\">\n<div id=\"fwnegz1DPyKOTr\" class=\"wrapper clearfix col-lg-12 col-md-12 pb-feature pb-layout-item pb-f-article-byline col-sm-12 col-xs-12 no-align\">\n<div class=\"byline col-xs-12 col-print-12\"><\/div>\n<\/div>\n<\/div>\n<\/section>\n<section id=\"upper-west\" class=\"col-lg-8 col-md-8 col-sm-12 col-xs-12 with-right-border\">\n<div id=\"f7Sziv1DPyKOTr\" class=\"wrapper clearfix full pb-feature pb-layout-item pb-f-article-body\">\n<div id=\"article-body\" class=\"article-body article-body-elements\">\n<div id=\"article-content\">\n<div class=\"row pb-content-type-image\">\n<figure class=\"element element-image col-xs-12\">\n<div class=\"single-image\">\n<div class=\"shares\">\n<div class=\"share-button facebook\" data-url=\"https:\/\/www.infobae.com\/teleshow\/infoshow\/2020\/04\/13\/anama-ferreira-se-puso-a-llorar-por-sus-deudas-no-puedo-mas-tengo-que-pagar-9-alquileres-y-a-los-empleados\/%23VLC4WMPBQ5E2DDL7NUQWQWDKS4\" data-original=\"https:\/\/arc-anglerfish-arc2-prod-infobae.s3.amazonaws.com\/public\/VLC4WMPBQ5E2DDL7NUQWQWDKS4.jpg\"><\/div>\n<\/div>\n<p><img decoding=\"async\" id=\"VLC4WMPBQ5E2DDL7NUQWQWDKS4\" class=\"image-lazy\" src=\"https:\/\/www.infobae.com\/new-resizer\/ZgvFeHDX36PMHebhe2ogHqloVnY=\/750x0\/filters:quality(100)\/arc-anglerfish-arc2-prod-infobae.s3.amazonaws.com\/public\/VLC4WMPBQ5E2DDL7NUQWQWDKS4.jpg\" alt=\"Anam\u00e1 Ferreira expres\u00f3 su angustia por tener sus escuelas de modelos cerradas debido a la cuarentena \" width=\"750\" height=\"421.875\" data-url=\"https:\/\/www.infobae.com\/teleshow\/infoshow\/2020\/04\/13\/anama-ferreira-se-puso-a-llorar-por-sus-deudas-no-puedo-mas-tengo-que-pagar-9-alquileres-y-a-los-empleados\/%23VLC4WMPBQ5E2DDL7NUQWQWDKS4\" data-original=\"https:\/\/www.infobae.com\/new-resizer\/ZgvFeHDX36PMHebhe2ogHqloVnY=\/750x0\/filters:quality(100)\/arc-anglerfish-arc2-prod-infobae.s3.amazonaws.com\/public\/VLC4WMPBQ5E2DDL7NUQWQWDKS4.jpg\" \/><\/div><figcaption class=\"\"><span class=\"credit\">Anam\u00e1 Ferreira expres\u00f3 su angustia por tener sus escuelas de modelos cerradas debido a la cuarentena<\/span><\/figcaption><\/figure>\n<\/div>\n<div class=\"row pb-content-type-text\">\n<div class=\"col-xs-12 col-print-12\">\n<p class=\"element element-paragraph\">La cuarentena oblig\u00f3 a muchas personas a dejar de trabajar, especialmente a los aut\u00f3nomos que tienen su peque\u00f1a empresa. Con el paso de las semanas, la situaci\u00f3n econ\u00f3mica de los monotributistas se ve muy afectada porque no tienen ning\u00fan tipo de ingreso. Este es el caso de\u00a0<b>Anam\u00e1 Ferreira,<\/b>\u00a0quien tiene cerradas sus escuelas de modelos.<\/p>\n<\/div>\n<\/div>\n<div class=\"row pb-content-type-text\">\n<div class=\"col-xs-12 col-print-12\">\n<p class=\"element element-paragraph\">\u201cEstoy pasando la cuarentena sola, mi hija est\u00e1 en otro lado, la cabeza te vuela. Yo tengo mi empresa, la fund\u00e9 sola hace 38 a\u00f1os, las escuelas de modelo&#8230; Es como los que tienen escuelas de danzas, teatro o cursos.\u00a0<b>Pero yo tengo 9 alquileres de las escuelas y tengo que pagar a la gente que trabaja para m\u00ed que la tengo en blanco\u201d<\/b>, dijo la empresaria brasile\u00f1a muy angustiada en una entrevista con el ciclo\u00a0<i>Nosotros a la ma\u00f1ana.<\/i><\/p>\n<\/div>\n<\/div>\n<div class=\"row pb-content-type-video\">\n<figure class=\"element element-video\">\n<div class=\"col-md-12\">\n<div id=\"arc-player-f59c6cba-a8c4-4ee4-8de8-0f8a33fdf82d\" class=\"powa powa-processed\" tabindex=\"0\" data-org=\"infobae\" data-uuid=\"f59c6cba-a8c4-4ee4-8de8-0f8a33fdf82d\" data-powa-index=\"0\" data-env=\"prod\">\n<div class=\"powa-pane\"><\/div>\n<div class=\"powa-shot\">\n<div class=\"powa-shot-image powa-click-promo-play\">\n<div class=\"powa-shot-play-btn powa-click-promo-play\"><i class=\"powa-shot-play-icon fa fa-play\" aria-hidden=\"true\"><\/i>\u00a0<span class=\"play-text\">Play<\/span><\/div>\n<\/div>\n<\/div>\n<\/div>\n<\/div><figcaption class=\"col-md-12\"><span class=\"credit\">La angustia de Anam\u00e1 Ferreira por no poder trabajar: &#8220;Ya no doy m\u00e1s&#8221; (Video: Nosotros a la ma\u00f1ana, El Trece)<\/span><\/figcaption><\/figure>\n<\/div>\n<div class=\"row pb-content-type-text\">\n<div class=\"col-xs-12 col-print-12\"><\/div>\n<\/div>\n<div class=\"row pb-content-type-text\">\n<div id=\"\" class=\"wrapper clearfix pb-feature pb-layout-item pb-f-ads-dfp\"><\/div>\n<div class=\"col-xs-12 col-print-12\">\n<p class=\"element element-paragraph\">\u201cYo llam\u00e9 al banco a ver si me pod\u00edan ayudar y me dijeron que ten\u00eda que tener la cuenta empresa, ten\u00e9s que tener esto y lo otro, pero estoy en cuarentena, \u00bfentonces c\u00f3mo hago?\u201d, le pregunt\u00f3 Ferreira al<i>\u00a0Pollo<\/i>\u00a0\u00c1lvarez.\u00a0<b>\u201cEste mes saqu\u00e9 de mis ahorros para poder pagar, porque hay gente que necesita para comer\u201d,<\/b>\u00a0agreg\u00f3, preocupada por su delicada situaci\u00f3n econ\u00f3mica y la de sus empleados.<\/p>\n<\/div>\n<\/div>\n<div class=\"row pb-content-type-text\">\n<div class=\"col-xs-12 col-print-12\">\n<p class=\"element element-paragraph\">\u201cLloro todo el tiempo\u201d, reconoci\u00f3 Anam\u00e1, entre l\u00e1grimas. \u201c<b>Pero no puedo m\u00e1s, te juro por Dios, es un horror.\u00a0<\/b>Yo s\u00e9 que tenemos que cuidarnos, no salgo, no estoy haciendo el programa porque tenemos que estar en casa. Dicen que los de 60 a\u00f1os se van a morir todos porque son decr\u00e9pitos, pero no es as\u00ed\u201d, agreg\u00f3.<\/p>\n<\/div>\n<\/div>\n<div class=\"row pb-content-type-text\">\n<div class=\"col-xs-12 col-print-12\">\n<p class=\"element element-paragraph\">\u201cNo puedo ir a trabajar, no tengo espalda, nadie que me da un mango, un peso, si yo no trabajo, no como y no pago. Yo estoy pensando en la moratoria que van a venir los impuestos. \u00bfC\u00f3mo no hay un comit\u00e9 que trabaje para las pymes? Yo doy trabajo\u201d, manifest\u00f3 la ex modelo.<\/p>\n<\/div>\n<\/div>\n<div class=\"row pb-content-type-text\">\n<div class=\"col-xs-12 col-print-12\">\n<p class=\"element element-paragraph\">Adem\u00e1s, explic\u00f3 que tuvo algunos problemas de salud como consecuencia de todo lo que est\u00e1 pasando en esta cuarentena:\u00a0<b>\u201cYa tuve que llamar al m\u00e9dico dos veces, aunque no quiero llamar, porque no quiero molestar&#8230; \u00bfpero si te desmay\u00e1s y est\u00e1s sola, qu\u00e9 hac\u00e9s?<\/b>\u00a0Pago una obra social y los llamo. Me criticaron porque molest\u00e9 a los m\u00e9dicos\u201d.<\/p>\n<\/div>\n<\/div>\n<div class=\"row pb-content-type-text\">\n<div class=\"col-xs-12 col-print-12\">\n<p class=\"element element-paragraph\">\u201cEl mundo de la moda par\u00f3, estoy tratando de hacer cosas, pero perd\u00ed la alegr\u00eda&#8230; Est\u00e1s encerrada, no pod\u00e9s salir ni hacer tr\u00e1mites, \u00bfqu\u00e9 hago, mato a alguien? Hagan algo m\u00e1s sencillo, no quiero que me regalen un peso, yo no tengo canje, si quiero algo lo compro. Yo quiero que me presten\u201d, asegur\u00f3 Anam\u00e1.<\/p>\n<\/div>\n<\/div>\n<div class=\"row pb-content-type-text\">\n<div class=\"col-xs-12 col-print-12\">\n<p class=\"element element-paragraph\">Recientemente,<a href=\"https:\/\/www.infobae.com\/teleshow\/infoshow\/2020\/04\/13\/ines-estevez-estoy-por-caer-en-la-indigencia\/\" target=\"_blank\" rel=\"noopener noreferrer\">\u00a0<b>In\u00e9s Est\u00e9vez\u00a0<\/b>habl\u00f3 de sus problemas econ\u00f3micos<\/a>, como consecuencia de no poder ejercer su profesi\u00f3n durante el aislamiento social. En su cuenta oficial de Twitter, la actriz blanque\u00f3 su dura situaci\u00f3n y se refiri\u00f3 al momento personal que est\u00e1 atravesando, condicionada por la cuarentena:\u00a0<b>&#8220;Che, estoy por caer en la indigencia -posta, no es eufemismo- y un amigo que vive en Espa\u00f1a quiere prestarme algo de dinero.<\/b>\u00a0Pero no puede transferir porque los sistemas son incompatibles. \u00bfQu\u00e9 onda? \u00bfAlguien sabe como hacer?\u201d.<\/p>\n<\/div>\n<\/div>\n<\/div>\n<\/div>\n<\/div>\n<\/section>\n","protected":false},"excerpt":{"rendered":"<p>La empresaria est\u00e1 muy angustiada porque no puede trabajar debido a la cuarentena obligatoria y no tiene \u201cespalda\u201d para enfrentar los gastos de su escuela de modelos Anam\u00e1 Ferreira expres\u00f3 su angustia por tener sus escuelas de modelos cerradas debido a la cuarentena La cuarentena oblig\u00f3 a muchas personas a dejar de trabajar, especialmente a [&hellip;]<\/p>\n","protected":false},"author":1,"featured_media":38177,"comment_status":"closed","ping_status":"closed","sticky":false,"template":"","format":"standard","meta":{"footnotes":""},"categories":[4],"tags":[],"class_list":["post-38176","post","type-post","status-publish","format-standard","has-post-thumbnail","hentry","category-espectaculos"],"_links":{"self":[{"href":"http:\/\/informateesquina.com\/index.php?rest_route=\/wp\/v2\/posts\/38176","targetHints":{"allow":["GET"]}}],"collection":[{"href":"http:\/\/informateesquina.com\/index.php?rest_route=\/wp\/v2\/posts"}],"about":[{"href":"http:\/\/informateesquina.com\/index.php?rest_route=\/wp\/v2\/types\/post"}],"author":[{"embeddable":true,"href":"http:\/\/informateesquina.com\/index.php?rest_route=\/wp\/v2\/users\/1"}],"replies":[{"embeddable":true,"href":"http:\/\/informateesquina.com\/index.php?rest_route=%2Fwp%2Fv2%2Fcomments&post=38176"}],"version-history":[{"count":0,"href":"http:\/\/informateesquina.com\/index.php?rest_route=\/wp\/v2\/posts\/38176\/revisions"}],"wp:featuredmedia":[{"embeddable":true,"href":"http:\/\/informateesquina.com\/index.php?rest_route=\/"}],"wp:attachment":[{"href":"http:\/\/informateesquina.com\/index.php?rest_route=%2Fwp%2Fv2%2Fmedia&parent=38176"}],"wp:term":[{"taxonomy":"category","embeddable":true,"href":"http:\/\/informateesquina.com\/index.php?rest_route=%2Fwp%2Fv2%2Fcategories&post=38176"},{"taxonomy":"post_tag","embeddable":true,"href":"http:\/\/informateesquina.com\/index.php?rest_route=%2Fwp%2Fv2%2Ftags&post=38176"}],"curies":[{"name":"wp","href":"https:\/\/api.w.org\/{rel}","templated":true}]}}