{"id":38328,"date":"2020-04-16T19:41:44","date_gmt":"2020-04-16T22:41:44","guid":{"rendered":"https:\/\/informateesquina.com\/?p=38328"},"modified":"2020-04-16T19:41:44","modified_gmt":"2020-04-16T22:41:44","slug":"goya-hospital-informa-que-hay-dos-casos-sospechosos-de-covid-19","status":"publish","type":"post","link":"http:\/\/informateesquina.com\/?p=38328","title":{"rendered":"Goya: Hospital informa que hay dos casos sospechosos de COVID \u2013 19"},"content":{"rendered":"<p><span class=\"intro\">En el parte oficial del 16 de abril, el director del Hospital de Goya informa a la ciudadan\u00eda que en las \u00faltimas horas cambia la situaci\u00f3n epidemiol\u00f3gica en Goya. \u201ccambiamos la situaci\u00f3n, hubo dos casos sospechosos de COVID \u2013 19, se enviaron las muestras a Corrientes y estamos a la espera del resultado, y todas las personas de contactos con estos pacientes est\u00e1n bajo controles por parte del Hospital\u201d, expreso en un video difundido de manera oficial.<\/span><\/p>\n<p><span class=\"cuerpo\">Tambi\u00e9n continuo expresando \u201cPor lo tanto pedimos e insistimos a la poblaci\u00f3n que contin\u00faen con el distanciamiento social, uso correcto del barbijo y con la cuarentena, sabemos que es la \u00fanica manera y medida que nos va dar \u00e9xito en esta situaci\u00f3n de pandemia, le pedimos a todos que sigan qued\u00e1ndose en casa\u201d, cerr\u00f3.\u00a0<\/span><\/p>\n<p>FUENTE: TN GOYA<\/p>\n","protected":false},"excerpt":{"rendered":"<p>En el parte oficial del 16 de abril, el director del Hospital de Goya informa a la ciudadan\u00eda que en las \u00faltimas horas cambia la situaci\u00f3n epidemiol\u00f3gica en Goya. \u201ccambiamos la situaci\u00f3n, hubo dos casos sospechosos de COVID \u2013 19, se enviaron las muestras a Corrientes y estamos a la espera del resultado, y todas [&hellip;]<\/p>\n","protected":false},"author":1,"featured_media":38329,"comment_status":"closed","ping_status":"closed","sticky":false,"template":"","format":"video","meta":{"footnotes":""},"categories":[11],"tags":[136],"class_list":["post-38328","post","type-post","status-publish","format-video","has-post-thumbnail","hentry","category-sociedad","tag-destacados","post_format-post-format-video"],"_links":{"self":[{"href":"http:\/\/informateesquina.com\/index.php?rest_route=\/wp\/v2\/posts\/38328","targetHints":{"allow":["GET"]}}],"collection":[{"href":"http:\/\/informateesquina.com\/index.php?rest_route=\/wp\/v2\/posts"}],"about":[{"href":"http:\/\/informateesquina.com\/index.php?rest_route=\/wp\/v2\/types\/post"}],"author":[{"embeddable":true,"href":"http:\/\/informateesquina.com\/index.php?rest_route=\/wp\/v2\/users\/1"}],"replies":[{"embeddable":true,"href":"http:\/\/informateesquina.com\/index.php?rest_route=%2Fwp%2Fv2%2Fcomments&post=38328"}],"version-history":[{"count":0,"href":"http:\/\/informateesquina.com\/index.php?rest_route=\/wp\/v2\/posts\/38328\/revisions"}],"wp:featuredmedia":[{"embeddable":true,"href":"http:\/\/informateesquina.com\/index.php?rest_route=\/"}],"wp:attachment":[{"href":"http:\/\/informateesquina.com\/index.php?rest_route=%2Fwp%2Fv2%2Fmedia&parent=38328"}],"wp:term":[{"taxonomy":"category","embeddable":true,"href":"http:\/\/informateesquina.com\/index.php?rest_route=%2Fwp%2Fv2%2Fcategories&post=38328"},{"taxonomy":"post_tag","embeddable":true,"href":"http:\/\/informateesquina.com\/index.php?rest_route=%2Fwp%2Fv2%2Ftags&post=38328"}],"curies":[{"name":"wp","href":"https:\/\/api.w.org\/{rel}","templated":true}]}}