{"id":38332,"date":"2020-04-16T20:57:37","date_gmt":"2020-04-16T23:57:37","guid":{"rendered":"https:\/\/informateesquina.com\/?p=38332"},"modified":"2020-04-16T20:57:37","modified_gmt":"2020-04-16T23:57:37","slug":"el-colegio-y-el-instituto-divino-salvador-celebraron-su-aniversario","status":"publish","type":"post","link":"http:\/\/informateesquina.com\/?p=38332","title":{"rendered":"El Colegio y el Instituto Divino Salvador celebraron su aniversario"},"content":{"rendered":"<p>La rectora del instituto Divino Salvador de Esquina, Cristina Ca\u00f1ete, habl\u00f3 con Comunic\u00e1ndonos Esquina ya est\u00e1n de doble aniversario. El instituto cumpli\u00f3 50 a\u00f1os y el Colegio Divino Salvador cumple 57 a\u00f1os.<\/p>\n<audio class=\"wp-audio-shortcode\" id=\"audio-38332-1\" preload=\"none\" style=\"width: 100%;\" controls=\"controls\"><source type=\"audio\/ogg\" src=\"https:\/\/informateesquina.com\/wp-content\/uploads\/2020\/04\/divi.ogg?_=1\" \/><a href=\"https:\/\/informateesquina.com\/wp-content\/uploads\/2020\/04\/divi.ogg\">https:\/\/informateesquina.com\/wp-content\/uploads\/2020\/04\/divi.ogg<\/a><\/audio>\n<p>\u201cEs un d\u00eda muy especial primero por la situaci\u00f3n in\u00e9dita y \u00a0dif\u00edcil que nos toca y a nivel institucional estamos preocupados por todos estos viendo como modernizar nuestras actividades&#8221;, dijo.<\/p>\n<p>La rectora record\u00f3: \u201cMis 5 a\u00f1os de secundaria lo hice en el instituto y hace 28 a\u00f1os soy rectora, esta es mi segunda casa\u201d.<\/p>\n<p><strong>HISTORIA<\/strong><\/p>\n<p>Esta unidad educativa, de gesti\u00f3n privada, fue creada bajo la responsabilidad de una Congregaci\u00f3n religiosa en el a\u00f1o \u201870 y actualmente su entidad propietaria es una \u2018Uni\u00f3n de Padres\u2018, que sustentan el quehacer educativo inspir\u00e1ndose en los postulados de la filosof\u00eda cristiana.<br \/>\nEl primer plan de estudio era un Bachiller que posteriormente fue reconvertido en perito mercantil, con la inclusi\u00f3n de la orientaci\u00f3n en computaci\u00f3n en 1992, dependiendo hasta el momento de la transferencia a la jurisdicci\u00f3n provincial en 1993 de la superintendencia Nacional de Ense\u00f1anza Privada (Snep).<br \/>\nDesde 1995, apuntan al fortalecimiento de la relaci\u00f3n escuela-comunidad y a favorecer la participaci\u00f3n y el compromiso de toda la comunidad educativa, lo cual posibilit\u00f3 en gran medida la implementaci\u00f3n de la EGB 3.<br \/>\nEsta instituci\u00f3n cuenta, adem\u00e1s, con un nivel Polimodal en la modalidad \u2018Econom\u00eda y Gesti\u00f3n de las Organizaciones\u2018 y con un Instituto de Formaci\u00f3n Docente.<\/p>\n","protected":false},"excerpt":{"rendered":"<p>La rectora del instituto Divino Salvador de Esquina, Cristina Ca\u00f1ete, habl\u00f3 con Comunic\u00e1ndonos Esquina ya est\u00e1n de doble aniversario. El instituto cumpli\u00f3 50 a\u00f1os y el Colegio Divino Salvador cumple 57 a\u00f1os. \u201cEs un d\u00eda muy especial primero por la situaci\u00f3n in\u00e9dita y \u00a0dif\u00edcil que nos toca y a nivel institucional estamos preocupados por todos [&hellip;]<\/p>\n","protected":false},"author":1,"featured_media":38333,"comment_status":"closed","ping_status":"closed","sticky":false,"template":"","format":"audio","meta":{"footnotes":""},"categories":[6],"tags":[],"class_list":["post-38332","post","type-post","status-publish","format-audio","has-post-thumbnail","hentry","category-locales","post_format-post-format-audio"],"_links":{"self":[{"href":"http:\/\/informateesquina.com\/index.php?rest_route=\/wp\/v2\/posts\/38332","targetHints":{"allow":["GET"]}}],"collection":[{"href":"http:\/\/informateesquina.com\/index.php?rest_route=\/wp\/v2\/posts"}],"about":[{"href":"http:\/\/informateesquina.com\/index.php?rest_route=\/wp\/v2\/types\/post"}],"author":[{"embeddable":true,"href":"http:\/\/informateesquina.com\/index.php?rest_route=\/wp\/v2\/users\/1"}],"replies":[{"embeddable":true,"href":"http:\/\/informateesquina.com\/index.php?rest_route=%2Fwp%2Fv2%2Fcomments&post=38332"}],"version-history":[{"count":0,"href":"http:\/\/informateesquina.com\/index.php?rest_route=\/wp\/v2\/posts\/38332\/revisions"}],"wp:featuredmedia":[{"embeddable":true,"href":"http:\/\/informateesquina.com\/index.php?rest_route=\/"}],"wp:attachment":[{"href":"http:\/\/informateesquina.com\/index.php?rest_route=%2Fwp%2Fv2%2Fmedia&parent=38332"}],"wp:term":[{"taxonomy":"category","embeddable":true,"href":"http:\/\/informateesquina.com\/index.php?rest_route=%2Fwp%2Fv2%2Fcategories&post=38332"},{"taxonomy":"post_tag","embeddable":true,"href":"http:\/\/informateesquina.com\/index.php?rest_route=%2Fwp%2Fv2%2Ftags&post=38332"}],"curies":[{"name":"wp","href":"https:\/\/api.w.org\/{rel}","templated":true}]}}