{"id":38340,"date":"2020-04-16T21:33:38","date_gmt":"2020-04-17T00:33:38","guid":{"rendered":"https:\/\/informateesquina.com\/?p=38340"},"modified":"2020-04-16T21:33:38","modified_gmt":"2020-04-17T00:33:38","slug":"cuarentena-en-corrientes-la-policia-volvio-a-demorar-a-mas-de-100-personas","status":"publish","type":"post","link":"http:\/\/informateesquina.com\/?p=38340","title":{"rendered":"Cuarentena en Corrientes: La polic\u00eda volvi\u00f3 a demorar a m\u00e1s de 100 personas"},"content":{"rendered":"<p>Este jueves la Polic\u00eda de Corrientes ha reforzado y acentuado la tarea de prevenci\u00f3n y de contralor, a fin de dar cumplimiento a las medidas sanitarias establecidas por el aislamiento social, preventivo y obligatorio dispuesto por el gobierno nacional por la pandemia del COVID-19. En ese marco el resultado de los operativos dispuestos son;<\/p>\n<p>CAPITAL<br \/>\n101 personas demoradas<br \/>\n05 veh\u00edculos<br \/>\n40 motocicletas<\/p>\n<p>INTERIOR<br \/>\n27 personas demoradas<br \/>\n01 veh\u00edculos<br \/>\n01 causas judiciales<\/p>\n","protected":false},"excerpt":{"rendered":"<p>Este jueves la Polic\u00eda de Corrientes ha reforzado y acentuado la tarea de prevenci\u00f3n y de contralor, a fin de dar cumplimiento a las medidas sanitarias establecidas por el aislamiento social, preventivo y obligatorio dispuesto por el gobierno nacional por la pandemia del COVID-19. En ese marco el resultado de los operativos dispuestos son; CAPITAL [&hellip;]<\/p>\n","protected":false},"author":1,"featured_media":38341,"comment_status":"closed","ping_status":"closed","sticky":false,"template":"","format":"standard","meta":{"footnotes":""},"categories":[8],"tags":[136],"class_list":["post-38340","post","type-post","status-publish","format-standard","has-post-thumbnail","hentry","category-policiales","tag-destacados"],"_links":{"self":[{"href":"http:\/\/informateesquina.com\/index.php?rest_route=\/wp\/v2\/posts\/38340","targetHints":{"allow":["GET"]}}],"collection":[{"href":"http:\/\/informateesquina.com\/index.php?rest_route=\/wp\/v2\/posts"}],"about":[{"href":"http:\/\/informateesquina.com\/index.php?rest_route=\/wp\/v2\/types\/post"}],"author":[{"embeddable":true,"href":"http:\/\/informateesquina.com\/index.php?rest_route=\/wp\/v2\/users\/1"}],"replies":[{"embeddable":true,"href":"http:\/\/informateesquina.com\/index.php?rest_route=%2Fwp%2Fv2%2Fcomments&post=38340"}],"version-history":[{"count":0,"href":"http:\/\/informateesquina.com\/index.php?rest_route=\/wp\/v2\/posts\/38340\/revisions"}],"wp:featuredmedia":[{"embeddable":true,"href":"http:\/\/informateesquina.com\/index.php?rest_route=\/"}],"wp:attachment":[{"href":"http:\/\/informateesquina.com\/index.php?rest_route=%2Fwp%2Fv2%2Fmedia&parent=38340"}],"wp:term":[{"taxonomy":"category","embeddable":true,"href":"http:\/\/informateesquina.com\/index.php?rest_route=%2Fwp%2Fv2%2Fcategories&post=38340"},{"taxonomy":"post_tag","embeddable":true,"href":"http:\/\/informateesquina.com\/index.php?rest_route=%2Fwp%2Fv2%2Ftags&post=38340"}],"curies":[{"name":"wp","href":"https:\/\/api.w.org\/{rel}","templated":true}]}}