{"id":38343,"date":"2020-04-16T21:42:17","date_gmt":"2020-04-17T00:42:17","guid":{"rendered":"https:\/\/informateesquina.com\/?p=38343"},"modified":"2020-04-16T21:42:17","modified_gmt":"2020-04-17T00:42:17","slug":"duelo-en-el-chamame-murio-uno-de-los-hermanos-barrios","status":"publish","type":"post","link":"http:\/\/informateesquina.com\/?p=38343","title":{"rendered":"Duelo en el chamam\u00e9: muri\u00f3 uno de los hermanos Barrios"},"content":{"rendered":"<div class=\"np_header\">\n<h1 id=\"title\">Fue integrante del m\u00edtico grupo correntino. Ten\u00eda 81 a\u00f1os y estaba internado en una cl\u00ednica de la ciudad de Corrientes.<\/h1>\n<\/div>\n<div class=\"np_contenido\">\n<div id=\"notas\">\n<div class=\"imgvideo_principal\">\n<div class=\"tapa_contenedort_imagen galeria\">\n<div class=\"bx-wrapper\">\n<div class=\"bx-viewport\">\n<div class=\"galeria_notapage\">\n<div><img decoding=\"async\" class=\"panel_imagen item_galerianp\" src=\"https:\/\/pxc.cdn.ellitoral.com.ar\/litoral\/042020\/1587069583300.jpg?&amp;ma=3&amp;cw=920&amp;ch=615\" alt=\"imagen_0\" data-sizes=\"auto\" data-src-galeria=\"https:\/\/pxc.cdn.ellitoral.com.ar\/litoral\/042020\/1587069583300.jpg?&amp;ma=3&amp;cw=920&amp;ch=615\" data-src=\"https:\/\/pxc.cdn.ellitoral.com.ar\/litoral\/042020\/1587069583300.jpg?&amp;ma=3&amp;cw=920&amp;ch=615\" data-index=\"0\" \/><\/div>\n<div><img decoding=\"async\" class=\"panel_imagen item_galerianp\" src=\"https:\/\/pxc.cdn.ellitoral.com.ar\/litoral\/042020\/1587070140352\/ireneo.PNG?&amp;ma=3&amp;cw=920&amp;ch=615\" alt=\"imagen_2\" data-sizes=\"auto\" data-src-galeria=\"https:\/\/pxc.cdn.ellitoral.com.ar\/litoral\/042020\/1587070140352\/ireneo.PNG?&amp;ma=3&amp;cw=920&amp;ch=615\" data-src=\"https:\/\/pxc.cdn.ellitoral.com.ar\/litoral\/042020\/1587070140352\/ireneo.PNG?&amp;ma=3&amp;cw=920&amp;ch=615\" data-index=\"2\" \/><\/div>\n<\/div>\n<\/div>\n<div class=\"bx-controls\"><\/div>\n<\/div>\n<div class=\"galeria_cont\">\n<div class=\"icono_galeria\"><\/div>\n<\/div>\n<\/div>\n<\/div>\n<div class=\"notapage_compartir bloque_share_interior\">\n<div class=\"spritelit imprimir\">Tras permanecer internado por problemas de salud, falleci\u00f3 este jueves el chamamecero correntino Ireneo Barrios, fundador de &#8220;Los Hermanos Barrios&#8221;, seg\u00fan informaron sus familiares.<\/div>\n<\/div>\n<div id=\"notapage_texto\" class=\"notapage_cuerpo\">\n<p>Nacido en el Paraje \u201cSanto Domingo\u201d del departamento San Cosme, junto a\u00a0Martiniano, Modesto y Tom\u00e1s, formaron en 1959 el grupo &#8220;Los Hermanos Barrios&#8221;.<\/p>\n<p>&#8220;Mi querida gente, la luz de Ireneo Barrios se apag\u00f3&#8221;, dijo una de sus hijas en un sentido mensaje en redes sociales.<\/p>\n<p>&nbsp;<\/p>\n<p>Seg\u00fan indicaron familiares, el m\u00fasico y primera voz del grupo\u00a0se encontraba internado en una cl\u00ednica de la ciudad de Corrientes y su salud se hab\u00eda deteriorado. Ten\u00eda 81 a\u00f1os.<\/p>\n<p>Precisamente,\u00a0a causa de los altos costos que estaban afrontando,\u00a0la hija de Ireneo, Claudia Irene Barrios, hab\u00eda decidido abrir una cuenta bancaria para recibir donaciones.<\/p>\n<p><strong>TRAYECTORIA<\/strong><\/p>\n<p>La primera grabaci\u00f3n de los Hermanos Barrios la realizan para el sello \u201cAsunci\u00f3n\u201d en marzo de 1965 con Adolfo Bravo en acorde\u00f3n, extendi\u00e9ndose la lista de grabaciones en m\u00e1s de 40 discos para los sellos \u201cMusic Hall\u201d, \u201cMicrof\u00f3n\u201d, \u201cEmi Odeon\u201d y \u201cCBS\u201d.<\/p>\n<p>Los cuatro hermanos firman recordadas obras entre las que se destacaron\u00a0\u201cViejo Naranjal\u201d, \u201cMi estrella perdida\u201d, \u201cGrito y vuelo del chaj\u00e1\u201d, \u201cPor tus besos\u201d, \u201cSe que te arrepentir\u00e1s\u201d, \u201cD\u00f3nde estar\u00e1 mi estrella\u201d entre otras.<\/p>\n<p>FUENTE: DIARIO EL LITORAL<\/p>\n<\/div>\n<\/div>\n<\/div>\n","protected":false},"excerpt":{"rendered":"<p>Fue integrante del m\u00edtico grupo correntino. Ten\u00eda 81 a\u00f1os y estaba internado en una cl\u00ednica de la ciudad de Corrientes. Tras permanecer internado por problemas de salud, falleci\u00f3 este jueves el chamamecero correntino Ireneo Barrios, fundador de &#8220;Los Hermanos Barrios&#8221;, seg\u00fan informaron sus familiares. Nacido en el Paraje \u201cSanto Domingo\u201d del departamento San Cosme, junto [&hellip;]<\/p>\n","protected":false},"author":1,"featured_media":38344,"comment_status":"closed","ping_status":"closed","sticky":false,"template":"","format":"gallery","meta":{"footnotes":""},"categories":[2,11],"tags":[136],"class_list":["post-38343","post","type-post","status-publish","format-gallery","has-post-thumbnail","hentry","category-culturales","category-sociedad","tag-destacados","post_format-post-format-gallery"],"_links":{"self":[{"href":"http:\/\/informateesquina.com\/index.php?rest_route=\/wp\/v2\/posts\/38343","targetHints":{"allow":["GET"]}}],"collection":[{"href":"http:\/\/informateesquina.com\/index.php?rest_route=\/wp\/v2\/posts"}],"about":[{"href":"http:\/\/informateesquina.com\/index.php?rest_route=\/wp\/v2\/types\/post"}],"author":[{"embeddable":true,"href":"http:\/\/informateesquina.com\/index.php?rest_route=\/wp\/v2\/users\/1"}],"replies":[{"embeddable":true,"href":"http:\/\/informateesquina.com\/index.php?rest_route=%2Fwp%2Fv2%2Fcomments&post=38343"}],"version-history":[{"count":0,"href":"http:\/\/informateesquina.com\/index.php?rest_route=\/wp\/v2\/posts\/38343\/revisions"}],"wp:featuredmedia":[{"embeddable":true,"href":"http:\/\/informateesquina.com\/index.php?rest_route=\/"}],"wp:attachment":[{"href":"http:\/\/informateesquina.com\/index.php?rest_route=%2Fwp%2Fv2%2Fmedia&parent=38343"}],"wp:term":[{"taxonomy":"category","embeddable":true,"href":"http:\/\/informateesquina.com\/index.php?rest_route=%2Fwp%2Fv2%2Fcategories&post=38343"},{"taxonomy":"post_tag","embeddable":true,"href":"http:\/\/informateesquina.com\/index.php?rest_route=%2Fwp%2Fv2%2Ftags&post=38343"}],"curies":[{"name":"wp","href":"https:\/\/api.w.org\/{rel}","templated":true}]}}