{"id":38347,"date":"2020-04-16T23:18:44","date_gmt":"2020-04-17T02:18:44","guid":{"rendered":"https:\/\/informateesquina.com\/?p=38347"},"modified":"2020-04-16T23:18:44","modified_gmt":"2020-04-17T02:18:44","slug":"el-gobernador-entrego-reactivos-al-laboratorio-central-de-la-provincia","status":"publish","type":"post","link":"http:\/\/informateesquina.com\/?p=38347","title":{"rendered":"El Gobernador entreg\u00f3 reactivos al Laboratorio Central de la Provincia"},"content":{"rendered":"<p><em>Se trata de 1900 reactivos para determinaciones de COVID-19. Corrientes es una de las provincias que m\u00e1s\u00a0hisopados de este tipo realiz\u00f3, sumando a la fecha m\u00e1s de 1200.<\/em><\/p>\n<p>El gobernador de la Provincia, Gustavo Vald\u00e9s, entreg\u00f3 este jueves 1900 reactivos al Laboratorio Central de la Provincia. Los mismos permiten realizar estudios en las personas con sospecha de Coronavirus para luego tomar medidas terap\u00e9uticas y sanitarias.<\/p>\n<p>Los reactivos fueron aprobados por la Agencia Americana de Medicamentos (FDA por sus siglas en ingl\u00e9s) y por el Centro para el Control y Prevenci\u00f3n de Enfermedades (CDC Estados Unidos).<\/p>\n<p>Las determinaciones para COVID-19 se realizan en el Laboratorio Central, dependiente del Ministerio de Salud P\u00fablica, a cargo de Ricardo Cardozo, donde son procesadas las muestras obteniendo resultados en un tiempo m\u00ednimo. Corrientes es una de las provincias que m\u00e1s\u00a0hisopados\u00a0realiz\u00f3\u00a0acorde a la densidad poblacional, sumando a la fecha m\u00e1s de 1200.<\/p>\n<p>Los insumos fueron recibidos por la directora ejecutiva del Laboratorio Central, Susana Pisarello y el director asistencial, Gerardo Andino.<\/p>\n<p>Al respecto, Pisarello destac\u00f3 \u201cen primer lugar es trascendental que estos estudios puedan concretarse en Corrientes, ayudan epidemiol\u00f3gicamente a la provincia\u201d.<\/p>\n<p>Explic\u00f3 que el estudio para la determinaci\u00f3n \u201ces un proceso muy minucioso, que est\u00e1 a cargo de profesionales altamente capacitados\u201d.<\/p>\n<p style=\"text-align: left;\">Cabe mencionar que el Gobierno Provincial adquiri\u00f3 un equipo Termociclador en tiempo real para el Laboratorio Central, que permite realizar hasta 150 determinaciones simult\u00e1neamente, ampliando el espectro diagn\u00f3stico de enfermedades virales como el Coronavirus.<\/p>\n","protected":false},"excerpt":{"rendered":"<p>Se trata de 1900 reactivos para determinaciones de COVID-19. Corrientes es una de las provincias que m\u00e1s\u00a0hisopados de este tipo realiz\u00f3, sumando a la fecha m\u00e1s de 1200. El gobernador de la Provincia, Gustavo Vald\u00e9s, entreg\u00f3 este jueves 1900 reactivos al Laboratorio Central de la Provincia. Los mismos permiten realizar estudios en las personas con [&hellip;]<\/p>\n","protected":false},"author":1,"featured_media":38348,"comment_status":"closed","ping_status":"closed","sticky":false,"template":"","format":"standard","meta":{"footnotes":""},"categories":[10],"tags":[136],"class_list":["post-38347","post","type-post","status-publish","format-standard","has-post-thumbnail","hentry","category-provinciales","tag-destacados"],"_links":{"self":[{"href":"http:\/\/informateesquina.com\/index.php?rest_route=\/wp\/v2\/posts\/38347","targetHints":{"allow":["GET"]}}],"collection":[{"href":"http:\/\/informateesquina.com\/index.php?rest_route=\/wp\/v2\/posts"}],"about":[{"href":"http:\/\/informateesquina.com\/index.php?rest_route=\/wp\/v2\/types\/post"}],"author":[{"embeddable":true,"href":"http:\/\/informateesquina.com\/index.php?rest_route=\/wp\/v2\/users\/1"}],"replies":[{"embeddable":true,"href":"http:\/\/informateesquina.com\/index.php?rest_route=%2Fwp%2Fv2%2Fcomments&post=38347"}],"version-history":[{"count":0,"href":"http:\/\/informateesquina.com\/index.php?rest_route=\/wp\/v2\/posts\/38347\/revisions"}],"wp:featuredmedia":[{"embeddable":true,"href":"http:\/\/informateesquina.com\/index.php?rest_route=\/"}],"wp:attachment":[{"href":"http:\/\/informateesquina.com\/index.php?rest_route=%2Fwp%2Fv2%2Fmedia&parent=38347"}],"wp:term":[{"taxonomy":"category","embeddable":true,"href":"http:\/\/informateesquina.com\/index.php?rest_route=%2Fwp%2Fv2%2Fcategories&post=38347"},{"taxonomy":"post_tag","embeddable":true,"href":"http:\/\/informateesquina.com\/index.php?rest_route=%2Fwp%2Fv2%2Ftags&post=38347"}],"curies":[{"name":"wp","href":"https:\/\/api.w.org\/{rel}","templated":true}]}}