{"id":38358,"date":"2020-04-17T13:29:46","date_gmt":"2020-04-17T16:29:46","guid":{"rendered":"https:\/\/informateesquina.com\/?p=38358"},"modified":"2020-04-17T13:29:46","modified_gmt":"2020-04-17T16:29:46","slug":"el-colegio-secundario-entrega-modulos-alimentarios-a-los-tutores","status":"publish","type":"post","link":"http:\/\/informateesquina.com\/?p=38358","title":{"rendered":"El Colegio Secundario entrega m\u00f3dulos alimentarios a los tutores"},"content":{"rendered":"<p>Yanina Antenucci, directora del Colegio Secundario en Esquina habl\u00f3 con Comunic\u00e1ndonos Esquina Corrientes y coment\u00f3 que est\u00e1n entregando los m\u00f3dulos alimentarios a los tutores de sus alumnos, respetando las medidas de prevenci\u00f3n.<\/p>\n<p>&#8220;Hoy viernes de 8 :30 a 12 horas se entregaron los m\u00f3dulos a los tutores de primer a tercer a\u00f1o, de turno tarde y turno ma\u00f1ana. El lunes 20 se har\u00e1 lo mismo con los de cuarto a sexto a\u00f1o, de ambos turnos. Los tutores deben ir a la instituci\u00f3n con su DNI&#8221;, explic\u00f3.<\/p>\n<p>Tambi\u00e9n habl\u00f3 del desarrollo de las actividades escolares en esta \u00e9poca y subray\u00f3: &#8220;Quiero destacar el trabajo de los docentes que est\u00e1n tratando de que las actividades lleguen a los alumnos&#8221;.<\/p>\n<p><img loading=\"lazy\" decoding=\"async\" class=\"alignnone size-medium wp-image-38360\" src=\"https:\/\/informateesquina.com\/wp-content\/uploads\/2020\/04\/IMG-20200417-WA0027-300x225.jpg\" alt=\"\" width=\"300\" height=\"225\" \/> <img loading=\"lazy\" decoding=\"async\" class=\"alignnone size-medium wp-image-38361\" src=\"https:\/\/informateesquina.com\/wp-content\/uploads\/2020\/04\/IMG-20200417-WA0024-225x300.jpg\" alt=\"\" width=\"225\" height=\"300\" \/> <img loading=\"lazy\" decoding=\"async\" class=\"alignnone size-medium wp-image-38362\" src=\"https:\/\/informateesquina.com\/wp-content\/uploads\/2020\/04\/IMG-20200417-WA0016-300x225.jpg\" alt=\"\" width=\"300\" height=\"225\" \/> <img loading=\"lazy\" decoding=\"async\" class=\"alignnone size-medium wp-image-38363\" src=\"https:\/\/informateesquina.com\/wp-content\/uploads\/2020\/04\/IMG-20200417-WA0015-300x225.jpg\" alt=\"\" width=\"300\" height=\"225\" \/> <img loading=\"lazy\" decoding=\"async\" class=\"alignnone size-medium wp-image-38364\" src=\"https:\/\/informateesquina.com\/wp-content\/uploads\/2020\/04\/IMG-20200417-WA0018-300x225.jpg\" alt=\"\" width=\"300\" height=\"225\" \/> <img loading=\"lazy\" decoding=\"async\" class=\"alignnone size-medium wp-image-38365\" src=\"https:\/\/informateesquina.com\/wp-content\/uploads\/2020\/04\/IMG-20200417-WA0021-225x300.jpg\" alt=\"\" width=\"225\" height=\"300\" \/><\/p>\n<p><img loading=\"lazy\" decoding=\"async\" class=\"alignnone size-medium wp-image-38359\" src=\"https:\/\/informateesquina.com\/wp-content\/uploads\/2020\/04\/IMG-20200417-WA0030-300x274.jpg\" alt=\"\" width=\"300\" height=\"274\" \/><\/p>\n","protected":false},"excerpt":{"rendered":"<p>Yanina Antenucci, directora del Colegio Secundario en Esquina habl\u00f3 con Comunic\u00e1ndonos Esquina Corrientes y coment\u00f3 que est\u00e1n entregando los m\u00f3dulos alimentarios a los tutores de sus alumnos, respetando las medidas de prevenci\u00f3n. &#8220;Hoy viernes de 8 :30 a 12 horas se entregaron los m\u00f3dulos a los tutores de primer a tercer a\u00f1o, de turno tarde [&hellip;]<\/p>\n","protected":false},"author":1,"featured_media":38360,"comment_status":"closed","ping_status":"closed","sticky":false,"template":"","format":"standard","meta":{"footnotes":""},"categories":[6],"tags":[136],"class_list":["post-38358","post","type-post","status-publish","format-standard","has-post-thumbnail","hentry","category-locales","tag-destacados"],"_links":{"self":[{"href":"http:\/\/informateesquina.com\/index.php?rest_route=\/wp\/v2\/posts\/38358","targetHints":{"allow":["GET"]}}],"collection":[{"href":"http:\/\/informateesquina.com\/index.php?rest_route=\/wp\/v2\/posts"}],"about":[{"href":"http:\/\/informateesquina.com\/index.php?rest_route=\/wp\/v2\/types\/post"}],"author":[{"embeddable":true,"href":"http:\/\/informateesquina.com\/index.php?rest_route=\/wp\/v2\/users\/1"}],"replies":[{"embeddable":true,"href":"http:\/\/informateesquina.com\/index.php?rest_route=%2Fwp%2Fv2%2Fcomments&post=38358"}],"version-history":[{"count":0,"href":"http:\/\/informateesquina.com\/index.php?rest_route=\/wp\/v2\/posts\/38358\/revisions"}],"wp:featuredmedia":[{"embeddable":true,"href":"http:\/\/informateesquina.com\/index.php?rest_route=\/"}],"wp:attachment":[{"href":"http:\/\/informateesquina.com\/index.php?rest_route=%2Fwp%2Fv2%2Fmedia&parent=38358"}],"wp:term":[{"taxonomy":"category","embeddable":true,"href":"http:\/\/informateesquina.com\/index.php?rest_route=%2Fwp%2Fv2%2Fcategories&post=38358"},{"taxonomy":"post_tag","embeddable":true,"href":"http:\/\/informateesquina.com\/index.php?rest_route=%2Fwp%2Fv2%2Ftags&post=38358"}],"curies":[{"name":"wp","href":"https:\/\/api.w.org\/{rel}","templated":true}]}}