{"id":38376,"date":"2020-04-17T16:12:40","date_gmt":"2020-04-17T19:12:40","guid":{"rendered":"https:\/\/informateesquina.com\/?p=38376"},"modified":"2020-04-17T16:12:40","modified_gmt":"2020-04-17T19:12:40","slug":"septimo-muerto-por-covid-19-en-mendoza-un-hombre-que-habia-viajado-a-cuba","status":"publish","type":"post","link":"http:\/\/informateesquina.com\/?p=38376","title":{"rendered":"S\u00e9ptimo muerto por Covid-19 en Mendoza: un hombre que hab\u00eda viajado a Cuba"},"content":{"rendered":"<div class=\"title-news\">\n<h1>La nueva v\u00edctima fatal ten\u00eda 62 a\u00f1os y estaba internado en el hospital del Carmen.<\/h1>\n<\/div>\n<div class=\"resume-news\">\n<p>Hoy viernes, la Direcci\u00f3n de Epidemiolog\u00eda informa el fallecimiento de un paciente positivo COVID-19. La persona es un hombre de 62 a\u00f1os que fue internado en el hospital del Carmen el 8 de abril.<\/p>\n<p>El paciente cuenta con nexo epidemiol\u00f3gico por haber estado de viaje en Cuba junto a amigos.<\/p>\n<p>Mendoza cuenta con\u00a068 casos confirmados. Son 38 casos importados -gente que ha llegado de otros pa\u00edses-, 30 de ellos por contacto estrecho con alguien que vino de otro pa\u00eds o dio positivo de COVID-19.<\/p>\n<p>De esta manera, la provincia tiene\u00a010 personas de alta y 7 fallecimientos por COVID-19.<\/p>\n<p>Es importante destacar que mantener los casos limitados a aquellos que vienen del extranjero ser\u00e1 posible en la medida que respetemos estrictamente el aislamiento social.<\/p>\n<\/div>\n","protected":false},"excerpt":{"rendered":"<p>La nueva v\u00edctima fatal ten\u00eda 62 a\u00f1os y estaba internado en el hospital del Carmen. Hoy viernes, la Direcci\u00f3n de Epidemiolog\u00eda informa el fallecimiento de un paciente positivo COVID-19. La persona es un hombre de 62 a\u00f1os que fue internado en el hospital del Carmen el 8 de abril. El paciente cuenta con nexo epidemiol\u00f3gico [&hellip;]<\/p>\n","protected":false},"author":1,"featured_media":38377,"comment_status":"closed","ping_status":"closed","sticky":false,"template":"","format":"standard","meta":{"footnotes":""},"categories":[8,11],"tags":[136],"class_list":["post-38376","post","type-post","status-publish","format-standard","has-post-thumbnail","hentry","category-policiales","category-sociedad","tag-destacados"],"_links":{"self":[{"href":"http:\/\/informateesquina.com\/index.php?rest_route=\/wp\/v2\/posts\/38376","targetHints":{"allow":["GET"]}}],"collection":[{"href":"http:\/\/informateesquina.com\/index.php?rest_route=\/wp\/v2\/posts"}],"about":[{"href":"http:\/\/informateesquina.com\/index.php?rest_route=\/wp\/v2\/types\/post"}],"author":[{"embeddable":true,"href":"http:\/\/informateesquina.com\/index.php?rest_route=\/wp\/v2\/users\/1"}],"replies":[{"embeddable":true,"href":"http:\/\/informateesquina.com\/index.php?rest_route=%2Fwp%2Fv2%2Fcomments&post=38376"}],"version-history":[{"count":0,"href":"http:\/\/informateesquina.com\/index.php?rest_route=\/wp\/v2\/posts\/38376\/revisions"}],"wp:featuredmedia":[{"embeddable":true,"href":"http:\/\/informateesquina.com\/index.php?rest_route=\/"}],"wp:attachment":[{"href":"http:\/\/informateesquina.com\/index.php?rest_route=%2Fwp%2Fv2%2Fmedia&parent=38376"}],"wp:term":[{"taxonomy":"category","embeddable":true,"href":"http:\/\/informateesquina.com\/index.php?rest_route=%2Fwp%2Fv2%2Fcategories&post=38376"},{"taxonomy":"post_tag","embeddable":true,"href":"http:\/\/informateesquina.com\/index.php?rest_route=%2Fwp%2Fv2%2Ftags&post=38376"}],"curies":[{"name":"wp","href":"https:\/\/api.w.org\/{rel}","templated":true}]}}