{"id":38379,"date":"2020-04-17T16:22:11","date_gmt":"2020-04-17T19:22:11","guid":{"rendered":"https:\/\/informateesquina.com\/?p=38379"},"modified":"2020-04-17T16:22:11","modified_gmt":"2020-04-17T19:22:11","slug":"corrientes-trabajador-del-servicio-penitenciario-dio-positivo-a-coronavirus","status":"publish","type":"post","link":"http:\/\/informateesquina.com\/?p=38379","title":{"rendered":"Corrientes: Trabajador del Servicio Penitenciario dio positivo a coronavirus"},"content":{"rendered":"<p class=\"copete\">El ministro de Salud de la Provincia, Ricardo Cardozo ratific\u00f3 el nuevo caso durante el parte oficial diario y explic\u00f3 que \u201cse est\u00e1n realizando los hisopados a las personas con quienes mantuvo contacto su familia y allegados, compa\u00f1eros de guardia que son alrededor de 20 e investigando si tuvo contacto con los detenidos\u201d. Con este, asciende a 32 el n\u00famero de casos positivos en la provincia de Corrientes (siendo el primer en San Luis del Palmar).<\/p>\n<div class=\"fotos-y-videos\">\n<div class=\"tab-content\">\n<div id=\"fotos\" class=\"tab-pane fade in active\" role=\"tabpanel\"><a class=\"fotos-desarrollo unlink\" title=\"Trabajador del Servicio Penitenciario dio positivo a coronavirus: aislaron a compa\u00f1eros y a su familia\" href=\"https:\/\/www.radiosudamericana.com\/notix\/multimedia\/imagenes\/fotos\/2020-04-17\/436394.jpg\"><img decoding=\"async\" class=\"img-responsive lazyload center-block\" src=\"https:\/\/www.radiosudamericana.com\/notix\/multimedia\/imagenes\/fotos\/2020-04-17\/436394.jpg\" alt=\"foto: Trabajador del Servicio Penitenciario dio positivo a coronavirus: aislaron a compa\u00f1eros y a su familia\" \/><\/a><\/div>\n<\/div>\n<\/div>\n<p>&nbsp;<\/p>\n<div class=\"audios-desarrollo\">\n<div id=\"audio-1\">\u201cCada tanto levantaba temperatura el paciente y en los \u00faltimos d\u00edas perdi\u00f3 el olfato. Fue sometido a hisopado y anoche el Comit\u00e9 de Emergencia del Ministerio de Salud de la Provincia, inform\u00f3\u00a0 que el test dio positivo\u201d, indic\u00f3 el doctor Juan Alejandro Rojas, director del Hospital de San Luis del Palmar en comunicaci\u00f3n con Radio Sudamericana.<\/div>\n<div><\/div>\n<\/div>\n<div class=\"cuerpo\">\n<p>\u201cEst\u00e1 con poca sintomatolog\u00eda por lo que permanece en su domicilio, aislado, con su familia\u201d, prosigui\u00f3 y aclar\u00f3 \u201cdesde que se activa el protocolo es aislamiento obligatorio de toda la familia\u201d. El hombre, de una persona joven que vive con su esposa de unos 26 a\u00f1os de edad, sus dos hijos y la cu\u00f1ada. No tienen antecedentes de enfermedades, \u201ceso es algo bueno\u201d, se\u00f1al\u00f3 el m\u00e9dico.<\/p>\n<p>El ministro de Salud de la Provincia, Ricardo Cardozo,\u00a0tras conocerse el parte de la situaci\u00f3n epidemiol\u00f3gica, inform\u00f3 que se produjo un nuevo caso de Coronavirus-COVID-19, en el territorio correntino, se trata de un hombre que reside en la localidad de San Luis del Palmar, que se encuentra estable cl\u00ednicamente, y sobre el que se desarrolla un seguimiento epidemiol\u00f3gico.<\/p>\n<p>De esta manera\u00a0<em><strong>los casos acumulados son 32,<\/strong><\/em>\u00a0de los cuales\u00a0<strong>siete han sido dados de alta<\/strong>. Un positivo se encuentra todav\u00eda internado en sala general del Llano, cuyo estado cl\u00ednico es estable.<\/p>\n<p><em><strong>Se encuentran en aislamiento preventivo 1167 personas\u00a0<\/strong><\/em>y han cesado esa condici\u00f3n 2105, a\u00fan permanecen pendientes los resultados de 10 muestras enviadas al Instituto Malbr\u00e1n.<\/p>\n<p>El Comit\u00e9 de Emergencia, reitera la necesidad de que la ciudadan\u00eda cumpla estrictamente la cuarentena y que solo salga de sus hogares por cuestiones estrictamente necesarias y que a hacerlo, lo haga cumpliendo las medidas de seguridad correspondiente, entre ellas el uso de barbijo o cobertura facial, que es obligatoria en la provincia.<\/p>\n<h2><span style=\"color: #ff0000;\"><strong>COVID-19 A LA FECHA EN CORRIENTES<\/strong><\/span><\/h2>\n<p><strong>-A la fecha se acumulan 32 casos positivos.<\/strong><\/p>\n<p><strong>&#8211; 7 han sido dados de alta.<\/strong><\/p>\n<p><strong>-Un positivo contin\u00faa internado en el hospital Llano en sala general y cl\u00ednicamente estable.<\/strong><\/p>\n<p><strong>-En aislamiento preventivo se encuentran 1167 personas.<\/strong><\/p>\n<p><strong>-Concluyeron el estado de aislamiento preventivo 2105 personas.<\/strong><\/p>\n<p><strong>-Se encuentran pendientes los resultados de 10 muestras enviadas al Instituto Malbr\u00e1n.<\/strong><\/p>\n<p><a class=\"fotos-desarrollo unlink\" title=\"Trabajador del Servicio Penitenciario dio positivo a coronavirus: aislaron a compa\u00f1eros y a su familia\" href=\"https:\/\/www.radiosudamericana.com\/notix\/multimedia\/imagenes\/fotos\/2020-04-17\/643506.jpg\"><img decoding=\"async\" class=\"img-responsive\" src=\"https:\/\/www.radiosudamericana.com\/notix\/multimedia\/imagenes\/fotos\/2020-04-17\/643506.jpg\" \/><\/a><\/p>\n<p>Fuente: Radio Sudamericana<\/p>\n<\/div>\n","protected":false},"excerpt":{"rendered":"<p>El ministro de Salud de la Provincia, Ricardo Cardozo ratific\u00f3 el nuevo caso durante el parte oficial diario y explic\u00f3 que \u201cse est\u00e1n realizando los hisopados a las personas con quienes mantuvo contacto su familia y allegados, compa\u00f1eros de guardia que son alrededor de 20 e investigando si tuvo contacto con los detenidos\u201d. Con este, [&hellip;]<\/p>\n","protected":false},"author":1,"featured_media":38381,"comment_status":"closed","ping_status":"closed","sticky":false,"template":"","format":"standard","meta":{"footnotes":""},"categories":[10,11],"tags":[136],"class_list":["post-38379","post","type-post","status-publish","format-standard","has-post-thumbnail","hentry","category-provinciales","category-sociedad","tag-destacados"],"_links":{"self":[{"href":"http:\/\/informateesquina.com\/index.php?rest_route=\/wp\/v2\/posts\/38379","targetHints":{"allow":["GET"]}}],"collection":[{"href":"http:\/\/informateesquina.com\/index.php?rest_route=\/wp\/v2\/posts"}],"about":[{"href":"http:\/\/informateesquina.com\/index.php?rest_route=\/wp\/v2\/types\/post"}],"author":[{"embeddable":true,"href":"http:\/\/informateesquina.com\/index.php?rest_route=\/wp\/v2\/users\/1"}],"replies":[{"embeddable":true,"href":"http:\/\/informateesquina.com\/index.php?rest_route=%2Fwp%2Fv2%2Fcomments&post=38379"}],"version-history":[{"count":0,"href":"http:\/\/informateesquina.com\/index.php?rest_route=\/wp\/v2\/posts\/38379\/revisions"}],"wp:featuredmedia":[{"embeddable":true,"href":"http:\/\/informateesquina.com\/index.php?rest_route=\/"}],"wp:attachment":[{"href":"http:\/\/informateesquina.com\/index.php?rest_route=%2Fwp%2Fv2%2Fmedia&parent=38379"}],"wp:term":[{"taxonomy":"category","embeddable":true,"href":"http:\/\/informateesquina.com\/index.php?rest_route=%2Fwp%2Fv2%2Fcategories&post=38379"},{"taxonomy":"post_tag","embeddable":true,"href":"http:\/\/informateesquina.com\/index.php?rest_route=%2Fwp%2Fv2%2Ftags&post=38379"}],"curies":[{"name":"wp","href":"https:\/\/api.w.org\/{rel}","templated":true}]}}