{"id":38387,"date":"2020-04-17T19:21:09","date_gmt":"2020-04-17T22:21:09","guid":{"rendered":"https:\/\/informateesquina.com\/?p=38387"},"modified":"2020-04-17T19:21:09","modified_gmt":"2020-04-17T22:21:09","slug":"el-descargo-de-erica-rivas-por-no-ser-parte-del-regreso-de-casados-con-hijos","status":"publish","type":"post","link":"http:\/\/informateesquina.com\/?p=38387","title":{"rendered":"El descargo de \u00c9rica Rivas por no ser parte del regreso de \u201cCasados con hijos\u201d"},"content":{"rendered":"<p><span class=\"subheadline\">La actriz que interpreta a \u201cMar\u00eda Elena\u201d en la ficci\u00f3n dio su versi\u00f3n de los hechos y asegur\u00f3 que ella estaba dispuesta a trabajar en el proyecto pero que fue una decisi\u00f3n de la producci\u00f3n que no est\u00e9.\u00a0<\/span><\/p>\n<div class=\"row pb-content-type-image\">\n<figure class=\"element element-image col-xs-12\">\n<div class=\"single-image\"><img decoding=\"async\" id=\"OGKEXENXKFD2RFLMUZPZYSF2BE\" class=\"image-lazy\" src=\"https:\/\/www.infobae.com\/new-resizer\/kSQSVqVjgmCIXllwdlQCXjMxYBs=\/750x0\/filters:quality(100)\/arc-anglerfish-arc2-prod-infobae.s3.amazonaws.com\/public\/OGKEXENXKFD2RFLMUZPZYSF2BE.jpg\" alt=\"Erica Rivas\" width=\"750\" height=\"421.875\" data-url=\"https:\/\/www.infobae.com\/teleshow\/infoshow\/2020\/04\/17\/el-descargo-de-erica-rivas-por-no-ser-parte-del-regreso-de-casados-con-hijos-me-comunicaron-por-whatsapp-que-me-quedaria-sin-trabajo\/%23OGKEXENXKFD2RFLMUZPZYSF2BE\" data-original=\"https:\/\/www.infobae.com\/new-resizer\/kSQSVqVjgmCIXllwdlQCXjMxYBs=\/750x0\/filters:quality(100)\/arc-anglerfish-arc2-prod-infobae.s3.amazonaws.com\/public\/OGKEXENXKFD2RFLMUZPZYSF2BE.jpg\" \/><\/div><figcaption class=\"\"><strong><span class=\"credit\">Erica Rivas<\/span><\/strong><\/figcaption><\/figure>\n<\/div>\n<div class=\"row pb-content-type-text\">\n<div class=\"col-xs-12 col-print-12\">\n<p class=\"element element-paragraph\">Luego de que se hiciera oficial la noticia de que\u00a0<b>\u00c9rica Rivas<\/b>\u00a0finalmente no ser\u00e1 parte de la versi\u00f3n teatral de\u00a0<i>Casados con hijos<\/i>, la actriz public\u00f3 un texto en sus redes sociales en el que explica su versi\u00f3n de los hechos y asegura que la producci\u00f3n decidi\u00f3 desvincularla del proyecto.<\/p>\n<\/div>\n<\/div>\n<div class=\"row pb-content-type-text\">\n<div class=\"col-xs-12 col-print-12\">\n<p class=\"element element-paragraph\">\u201cAnte todo, me gustar\u00eda que sepan que lo que m\u00e1s amo en la vida es hacer re\u00edr\u201d, sostuvo en el comienzo del descargo que comparti\u00f3 en su cuenta de Instagram, en la que tiene casi 200 mil seguidores. \u201cY que les agradezco much\u00edsimo que le guste re\u00edrse conmigo: yo adoro, agradezco y disfruto a\u00a0<b>Mar\u00eda Elena<\/b>, y\u00a0<b>estaba feliz de volverme a encontrar con ustedes haci\u00e9ndola en el teatro\u201d<\/b>, sostuvo la actriz que en la ficci\u00f3n interpreta a la esposa de\u00a0<i><b>Dardo\u00a0<\/b><\/i><b>(Marcelo de Bellis)<\/b>, y vecina de la familia\u00a0<i><b>Argento<\/b><\/i>.<\/p>\n<\/div>\n<\/div>\n<div class=\"row pb-content-type-image\">\n<figure class=\"element element-image col-xs-12\">\n<div class=\"single-image\">\n<div class=\"shares\">\n<div class=\"share-button facebook\" data-url=\"https:\/\/www.infobae.com\/teleshow\/infoshow\/2020\/04\/17\/el-descargo-de-erica-rivas-por-no-ser-parte-del-regreso-de-casados-con-hijos-me-comunicaron-por-whatsapp-que-me-quedaria-sin-trabajo\/%23SWK5SO4G4RDBNK5J474QN7MN44\" data-original=\"https:\/\/arc-anglerfish-arc2-prod-infobae.s3.amazonaws.com\/public\/SWK5SO4G4RDBNK5J474QN7MN44.jpg\"><\/div>\n<\/div>\n<p><img decoding=\"async\" id=\"SWK5SO4G4RDBNK5J474QN7MN44\" class=\"image-lazy\" src=\"https:\/\/www.infobae.com\/new-resizer\/lr0RlxVsY2xnVHgMIPs2YSjaw3E=\/750x0\/filters:quality(100)\/arc-anglerfish-arc2-prod-infobae.s3.amazonaws.com\/public\/SWK5SO4G4RDBNK5J474QN7MN44.jpg\" alt=\"En \" width=\"750\" height=\"457.421875\" data-url=\"https:\/\/www.infobae.com\/teleshow\/infoshow\/2020\/04\/17\/el-descargo-de-erica-rivas-por-no-ser-parte-del-regreso-de-casados-con-hijos-me-comunicaron-por-whatsapp-que-me-quedaria-sin-trabajo\/%23SWK5SO4G4RDBNK5J474QN7MN44\" data-original=\"https:\/\/www.infobae.com\/new-resizer\/lr0RlxVsY2xnVHgMIPs2YSjaw3E=\/750x0\/filters:quality(100)\/arc-anglerfish-arc2-prod-infobae.s3.amazonaws.com\/public\/SWK5SO4G4RDBNK5J474QN7MN44.jpg\" \/><\/div><figcaption class=\"\"><span class=\"credit\">En &#8220;Casados con hijos&#8221;, los personajes de Marcelo de Bellis y \u00c9rica Rivas interpretaban al matrimonio vecino de la familia Argento<\/span><\/figcaption><\/figure>\n<\/div>\n<div class=\"row pb-content-type-text\">\n<div class=\"col-xs-12 col-print-12\">\n<p class=\"element element-paragraph\">Luego explic\u00f3 que cuando surgi\u00f3 la posibilidad de llevar la exitosa comedia al teatro, hizo foco en los guiones y en c\u00f3mo har\u00edan humor en estos tiempos. \u201cEn todos mis trabajos, pero en particular en la propuesta de la obra<i><b>\u00a0Casados con Hijos<\/b><\/i>,<b>\u00a0siempre expres\u00e9 preocupaci\u00f3n y compromiso<\/b>, no solo por mi personaje, sino por el mensaje general y las ideas que se exponen a trav\u00e9s de los chistes.\u00a0<b>Hoy cambi\u00f3 el paradigma y hay cosas de las que ya no nos podemos re\u00edr\u201d<\/b>, sostuvo.<\/p>\n<\/div>\n<\/div>\n<div class=\"row pb-content-type-text\">\n<div id=\"\" class=\"wrapper clearfix pb-feature pb-layout-item pb-f-ads-dfp\"><\/div>\n<div class=\"col-xs-12 col-print-12\">\n<p class=\"element element-paragraph\">\u201cQuiero aclarar que no me baj\u00e9 del proyecto\u00a0<i>Casados con Hijos<\/i>\u00a0en el Gran Rex. Y no es verdad que tengo compromisos laborales que me impiden hacerlo en la nueva fecha anunciada.\u00a0<b>Antes de empezar la cuarentena los productores me comunicaron por WhatsApp que no iba a participar, o sea, que me quedar\u00eda sin trabajo\u201d,\u00a0<\/b>agreg\u00f3, y manifest\u00f3 que no fue ella quien hizo p\u00fablica la noticia que trascendi\u00f3 en los medios.<\/p>\n<\/div>\n<\/div>\n<div class=\"row pb-content-type-text\">\n<div class=\"col-xs-12 col-print-12\">\n<p class=\"element element-paragraph\">Por su parte, pidi\u00f3 una explicaci\u00f3n de parte de las productoras al frente del proyecto, RGB Entertainment, de\u00a0<b>Gustavo Yankelevich,\u00a0<\/b>y Telefe:<b>\u00a0\u201cSer\u00eda bueno, entonces, que se preguntara a ellos por qu\u00e9 tomaron esta decisi\u00f3n\u201d.<\/b><\/p>\n<\/div>\n<\/div>\n<div class=\"row pb-content-type-text\">\n<div class=\"col-xs-12 col-print-12\">\n<p class=\"element element-paragraph\"><b>\u201cLes abrazo en este momento tan dif\u00edcil. Qued\u00e9monos en casa. Es tiempo de cuidarnos\u201d<\/b>, concluy\u00f3 \u00c9rica Rivas dejando en claro su versi\u00f3n sobre su desvinculaci\u00f3n de la versi\u00f3n teatral de\u00a0<i>Casados con hijos<\/i>\u00a0y haciendo referencia a la cuarentena total que atraviesa la Argentina para evitar la transmisi\u00f3n del coronavirus.<\/p>\n<\/div>\n<\/div>\n<div class=\"row pb-content-type-text\">\n<div class=\"col-xs-12 col-print-12\">\n<p class=\"element element-paragraph\"><mark class=\"hl_red\"><b>Teleshow\u00a0<\/b><\/mark>se comunic\u00f3 con la actriz, quien agradeci\u00f3 el inter\u00e9s pero dijo que no ten\u00eda nada m\u00e1s para agregar al respecto.<\/p>\n<\/div>\n<\/div>\n<div class=\"row pb-content-type-image\">\n<figure class=\"element element-image col-xs-12\">\n<div class=\"single-image\">\n<div class=\"shares\">\n<div class=\"share-button facebook\" data-url=\"https:\/\/www.infobae.com\/teleshow\/infoshow\/2020\/04\/17\/el-descargo-de-erica-rivas-por-no-ser-parte-del-regreso-de-casados-con-hijos-me-comunicaron-por-whatsapp-que-me-quedaria-sin-trabajo\/%23POVQASRDHJH4VKRI3HPM73VLMI\" data-original=\"https:\/\/arc-anglerfish-arc2-prod-infobae.s3.amazonaws.com\/public\/POVQASRDHJH4VKRI3HPM73VLMI.jpg\"><\/div>\n<\/div>\n<p><img decoding=\"async\" id=\"POVQASRDHJH4VKRI3HPM73VLMI\" class=\"image-lazy\" src=\"https:\/\/www.infobae.com\/new-resizer\/omgq2jVyX4F1DYgo1py_oiw6ndE=\/750x0\/filters:quality(100)\/arc-anglerfish-arc2-prod-infobae.s3.amazonaws.com\/public\/POVQASRDHJH4VKRI3HPM73VLMI.jpg\" alt=\"El descargo de \u00c9rica Rivas en su cuenta oficial de Instagram\" width=\"750\" height=\"494.921875\" data-url=\"https:\/\/www.infobae.com\/teleshow\/infoshow\/2020\/04\/17\/el-descargo-de-erica-rivas-por-no-ser-parte-del-regreso-de-casados-con-hijos-me-comunicaron-por-whatsapp-que-me-quedaria-sin-trabajo\/%23POVQASRDHJH4VKRI3HPM73VLMI\" data-original=\"https:\/\/www.infobae.com\/new-resizer\/omgq2jVyX4F1DYgo1py_oiw6ndE=\/750x0\/filters:quality(100)\/arc-anglerfish-arc2-prod-infobae.s3.amazonaws.com\/public\/POVQASRDHJH4VKRI3HPM73VLMI.jpg\" \/><\/div><figcaption class=\"\"><span class=\"credit\">El descargo de \u00c9rica Rivas en su cuenta oficial de Instagram<\/span><\/figcaption><\/figure>\n<\/div>\n<div class=\"row pb-content-type-text\">\n<div class=\"col-xs-12 col-print-12\">\n<p class=\"element element-paragraph\"><mark class=\"hl_red\"><b>La otra versi\u00f3n<\/b><\/mark><\/p>\n<\/div>\n<\/div>\n<div class=\"row pb-content-type-text\">\n<div class=\"col-xs-12 col-print-12\">\n<p class=\"element element-paragraph\">Hace tan solo tres d\u00edas,\u00a0<mark class=\"hl_red\"><b>Teleshow<\/b><\/mark>\u00a0se comunic\u00f3 con parte de la producci\u00f3n de la obra teatral y cont\u00f3 su versi\u00f3n sobre la ausencia de \u00c9rica Rivas.\u00a0<b>\u201cVan a estar los cinco protagonistas: Guillermo Francella, Flor Pe\u00f1a, Marcelo de Bellis, Dar\u00edo y Luisana Lopilato.<\/b>\u00a0En la obra van a estar los que firmaron el contrato y ella no firm\u00f3&#8221;, indicaron, dejando entrever que hab\u00eda sido la actriz quien hab\u00eda decidido no firmar el contrato.<\/p>\n<\/div>\n<\/div>\n<div class=\"row pb-content-type-text\">\n<div class=\"col-xs-12 col-print-12\">\n<p class=\"element element-paragraph\"><b>Todos los actores firmaron su compromiso con la obra entre agosto y septiembre del 2019.<\/b>\u00a0\u00c9rica Rivas, a pesar de las charlas y las reuniones para ponerse de acuerdo, nunca firm\u00f3 su contrato\u00a0<b>y los responsables de la obra la esperaron hasta el mes de febrero.<\/b>\u00a0De esta manera, sin mediar ning\u00fan conflicto aparente,\u00a0<b>la actriz decidi\u00f3 no firmar y la empresa tom\u00f3 la determinaci\u00f3n de seguir adelante y trabajar en el gui\u00f3n de la obra pensando s\u00f3lo en los confirmados<\/b>.<\/p>\n<\/div>\n<\/div>\n<div class=\"row pb-content-type-text\">\n<div class=\"col-xs-12 col-print-12\">\n<p class=\"element element-paragraph\">Al consultar sobre c\u00f3mo se iba a justificar la ausencia de\u00a0<i><b>Mar\u00eda Elena<\/b><\/i>\u00a0en la obra, un personaje tan emblem\u00e1tico para\u00a0<i><b>Casados con hijos<\/b><\/i>, los responsables dijeron que a\u00fan no han decidido esa cuesti\u00f3n, aunque aseguraron que no est\u00e1 en los planes de nadie \u201cmatar\u201d al tan querido personaje.<\/p>\n<\/div>\n<\/div>\n","protected":false},"excerpt":{"rendered":"<p>La actriz que interpreta a \u201cMar\u00eda Elena\u201d en la ficci\u00f3n dio su versi\u00f3n de los hechos y asegur\u00f3 que ella estaba dispuesta a trabajar en el proyecto pero que fue una decisi\u00f3n de la producci\u00f3n que no est\u00e9.\u00a0 Erica Rivas Luego de que se hiciera oficial la noticia de que\u00a0\u00c9rica Rivas\u00a0finalmente no ser\u00e1 parte de [&hellip;]<\/p>\n","protected":false},"author":1,"featured_media":38388,"comment_status":"closed","ping_status":"closed","sticky":false,"template":"","format":"standard","meta":{"footnotes":""},"categories":[4],"tags":[],"class_list":["post-38387","post","type-post","status-publish","format-standard","has-post-thumbnail","hentry","category-espectaculos"],"_links":{"self":[{"href":"http:\/\/informateesquina.com\/index.php?rest_route=\/wp\/v2\/posts\/38387","targetHints":{"allow":["GET"]}}],"collection":[{"href":"http:\/\/informateesquina.com\/index.php?rest_route=\/wp\/v2\/posts"}],"about":[{"href":"http:\/\/informateesquina.com\/index.php?rest_route=\/wp\/v2\/types\/post"}],"author":[{"embeddable":true,"href":"http:\/\/informateesquina.com\/index.php?rest_route=\/wp\/v2\/users\/1"}],"replies":[{"embeddable":true,"href":"http:\/\/informateesquina.com\/index.php?rest_route=%2Fwp%2Fv2%2Fcomments&post=38387"}],"version-history":[{"count":0,"href":"http:\/\/informateesquina.com\/index.php?rest_route=\/wp\/v2\/posts\/38387\/revisions"}],"wp:featuredmedia":[{"embeddable":true,"href":"http:\/\/informateesquina.com\/index.php?rest_route=\/"}],"wp:attachment":[{"href":"http:\/\/informateesquina.com\/index.php?rest_route=%2Fwp%2Fv2%2Fmedia&parent=38387"}],"wp:term":[{"taxonomy":"category","embeddable":true,"href":"http:\/\/informateesquina.com\/index.php?rest_route=%2Fwp%2Fv2%2Fcategories&post=38387"},{"taxonomy":"post_tag","embeddable":true,"href":"http:\/\/informateesquina.com\/index.php?rest_route=%2Fwp%2Fv2%2Ftags&post=38387"}],"curies":[{"name":"wp","href":"https:\/\/api.w.org\/{rel}","templated":true}]}}