{"id":38390,"date":"2020-04-17T19:24:59","date_gmt":"2020-04-17T22:24:59","guid":{"rendered":"https:\/\/informateesquina.com\/?p=38390"},"modified":"2020-04-17T19:24:59","modified_gmt":"2020-04-17T22:24:59","slug":"matias-sotelo-se-suma-a-los-recitales-on-line-por-la-cuarentena","status":"publish","type":"post","link":"http:\/\/informateesquina.com\/?p=38390","title":{"rendered":"Matias Sotelo se suma a los recitales on line por la cuarentena"},"content":{"rendered":"<article id=\"item\">\n<h5>Matias Sotelo, del legendario grupo de cumbia &#8220;Los Continuados&#8221;, habl\u00f3 con Radio Sudamericana y habl\u00f3 de la crisis econ\u00f3mica que sufren los artistas por la cuarentena. &#8220;No sabemos cu\u00e1ndo vamos a poder dar un recital&#8221;.<\/h5>\n<div class=\"fotos-y-videos\">\n<p>&nbsp;<\/p>\n<div class=\"tab-content\">\n<div id=\"fotos\" class=\"tab-pane fade in active\" role=\"tabpanel\"><a class=\"fotos-desarrollo unlink\" title=\"Matias Sotelo se suma a los recitales on line por la cuarentena \" href=\"https:\/\/www.radiosudamericana.com\/notix\/multimedia\/imagenes\/fotos\/2020-04-17\/696844.jpg\"><img decoding=\"async\" class=\"img-responsive lazyload center-block\" src=\"https:\/\/www.radiosudamericana.com\/notix\/multimedia\/imagenes\/fotos\/2020-04-17\/696844.jpg\" alt=\"foto: Matias Sotelo se suma a los recitales on line por la cuarentena \" \/><\/a><\/div>\n<\/div>\n<\/div>\n<div class=\"audios-desarrollo\">\n<div id=\"audio-1\">\n<audio class=\"wp-audio-shortcode\" id=\"audio-38390-1\" preload=\"none\" style=\"width: 100%;\" controls=\"controls\"><source type=\"audio\/mpeg\" src=\"https:\/\/informateesquina.com\/wp-content\/uploads\/2020\/04\/los-continuados.mp3?_=1\" \/><a href=\"https:\/\/informateesquina.com\/wp-content\/uploads\/2020\/04\/los-continuados.mp3\">https:\/\/informateesquina.com\/wp-content\/uploads\/2020\/04\/los-continuados.mp3<\/a><\/audio>\n<\/div>\n<\/div>\n<div class=\"cuerpo\">\n<p>\u201cEsta cuarentena esta dif\u00edcil para todos. Nosotros estamos sufriendo bastante, tengo colegas que est\u00e1n vendiendo sus instrumentos, la est\u00e1n pasando muy mal\u201d, expres\u00f3 Matias Sotelo, cantante de Los Continuados.<\/p>\n<p>\u201cUno a veces puede calcular cu\u00e1nto tiempo nos va a llevar estar en un recital, pero no sabemos nada. Calculo que el a\u00f1o que viene reci\u00e9n vamos a poder comenzar a trabajar\u201d, agreg\u00f3.<\/p>\n<p>\u201cNosotros como m\u00fasico le tenemos que buscar la vuelta asi fue que se me ocurri\u00f3 vender mi actuaci\u00f3n on line.\u00a0 Les comente a mis fan\u00e1ticos que me siguen en las redes sociales y casi el 90 por ciento estaban de acuerdo porque somos m\u00fasicos y dependemos de esto. Hace unos d\u00edas atr\u00e1s hice mi primer recital, lo hago solo porque no podemos estar juntos con los otros chicos, y fue muy lindo\u201d.<\/p>\n<p>Este viernes, a partir de las 23, mediante la aplicaci\u00f3n llamada \u201c<a href=\"https:\/\/play.google.com\/store\/apps\/details?id=us.zoom.videomeetings\">Zoom<\/a>\u201d volver\u00e1 a hacer otro recital. El mismo tendr\u00e1 un costo de $200. Quienes quieran participar deben\u00a0 comunicarse al 3624288147<\/p>\n<p>\u201cNo son solo los m\u00fasicos, tambi\u00e9n est\u00e1 la gente de utiler\u00eda, sonidistas, hay un staf amplio en la banda y esta ayuda es para todos\u201d, recalc\u00f3 el cantante.<\/p>\n<\/div>\n<\/article>\n<div id=\"embeds\" class=\"center-block\">https:\/\/www.instagram.com\/p\/B_FMZtbAJ26\/?utm_source=ig_web_copy_link<br \/>\n<iframe id=\"instagram-embed-0\" class=\"instagram-media instagram-media-rendered\" src=\"https:\/\/www.instagram.com\/tv\/B_C90gAAvBK\/embed\/captioned\/?cr=1&amp;v=12&amp;wp=420&amp;rd=https%3A%2F%2Fwww.radiosudamericana.com&amp;rp=%2Fnota%2F229299_matias_sotelo_se_suma_a_los_recitales_on_line_por_la_cuarentena_.htm#%7B%22ci%22%3A0%2C%22os%22%3A2370.3199999945355%2C%22ls%22%3A1730.8149999953457%2C%22le%22%3A1820.6499999942025%7D\" height=\"783\" frameborder=\"0\" scrolling=\"no\" allowfullscreen=\"allowfullscreen\" data-instgrm-payload-id=\"instagram-media-payload-0\" data-mce-fragment=\"1\"><\/iframe><\/div>\n<div class=\"acciones\"><a class=\"accion\" title=\"Comentar esta Noticia\" href=\"https:\/\/www.radiosudamericana.com\/nota\/229299_matias_sotelo_se_suma_a_los_recitales_on_line_por_la_cuarentena_.htm#comentar-noticia\">COMENTA<\/a><\/div>\n","protected":false},"excerpt":{"rendered":"<p>Matias Sotelo, del legendario grupo de cumbia &#8220;Los Continuados&#8221;, habl\u00f3 con Radio Sudamericana y habl\u00f3 de la crisis econ\u00f3mica que sufren los artistas por la cuarentena. &#8220;No sabemos cu\u00e1ndo vamos a poder dar un recital&#8221;. &nbsp; \u201cEsta cuarentena esta dif\u00edcil para todos. Nosotros estamos sufriendo bastante, tengo colegas que est\u00e1n vendiendo sus instrumentos, la est\u00e1n [&hellip;]<\/p>\n","protected":false},"author":1,"featured_media":38392,"comment_status":"closed","ping_status":"closed","sticky":false,"template":"","format":"audio","meta":{"footnotes":""},"categories":[4],"tags":[],"class_list":["post-38390","post","type-post","status-publish","format-audio","has-post-thumbnail","hentry","category-espectaculos","post_format-post-format-audio"],"_links":{"self":[{"href":"http:\/\/informateesquina.com\/index.php?rest_route=\/wp\/v2\/posts\/38390","targetHints":{"allow":["GET"]}}],"collection":[{"href":"http:\/\/informateesquina.com\/index.php?rest_route=\/wp\/v2\/posts"}],"about":[{"href":"http:\/\/informateesquina.com\/index.php?rest_route=\/wp\/v2\/types\/post"}],"author":[{"embeddable":true,"href":"http:\/\/informateesquina.com\/index.php?rest_route=\/wp\/v2\/users\/1"}],"replies":[{"embeddable":true,"href":"http:\/\/informateesquina.com\/index.php?rest_route=%2Fwp%2Fv2%2Fcomments&post=38390"}],"version-history":[{"count":0,"href":"http:\/\/informateesquina.com\/index.php?rest_route=\/wp\/v2\/posts\/38390\/revisions"}],"wp:featuredmedia":[{"embeddable":true,"href":"http:\/\/informateesquina.com\/index.php?rest_route=\/"}],"wp:attachment":[{"href":"http:\/\/informateesquina.com\/index.php?rest_route=%2Fwp%2Fv2%2Fmedia&parent=38390"}],"wp:term":[{"taxonomy":"category","embeddable":true,"href":"http:\/\/informateesquina.com\/index.php?rest_route=%2Fwp%2Fv2%2Fcategories&post=38390"},{"taxonomy":"post_tag","embeddable":true,"href":"http:\/\/informateesquina.com\/index.php?rest_route=%2Fwp%2Fv2%2Ftags&post=38390"}],"curies":[{"name":"wp","href":"https:\/\/api.w.org\/{rel}","templated":true}]}}