{"id":38394,"date":"2020-04-17T19:54:48","date_gmt":"2020-04-17T22:54:48","guid":{"rendered":"https:\/\/informateesquina.com\/?p=38394"},"modified":"2020-04-17T19:54:48","modified_gmt":"2020-04-17T22:54:48","slug":"curuzu-y-goya-dieron-negativo-los-casos-sospechosos-de-covid19","status":"publish","type":"post","link":"http:\/\/informateesquina.com\/?p=38394","title":{"rendered":"Curuz\u00fa y Goya: dieron negativo los casos sospechosos de COVID19"},"content":{"rendered":"<p>En Curuz\u00fa hab\u00eda una mujer a la que le hab\u00edan realizado el hisopado y en Goya hab\u00edan dos personas que tambi\u00e9n se hab\u00edan sometido a las muestras. Este viernes, ambos municipios informaron que los resultados fueron negativo a coronavirus. Ambas localidades contin\u00faan sin personas infectadas.<\/p>\n<p><img loading=\"lazy\" decoding=\"async\" class=\"alignnone size-medium wp-image-38395\" src=\"https:\/\/informateesquina.com\/wp-content\/uploads\/2020\/04\/93787418_3028930207201461_2416430845058351104_o-300x288.jpg\" alt=\"\" width=\"300\" height=\"288\" \/><\/p>\n","protected":false},"excerpt":{"rendered":"<p>En Curuz\u00fa hab\u00eda una mujer a la que le hab\u00edan realizado el hisopado y en Goya hab\u00edan dos personas que tambi\u00e9n se hab\u00edan sometido a las muestras. Este viernes, ambos municipios informaron que los resultados fueron negativo a coronavirus. Ambas localidades contin\u00faan sin personas infectadas.<\/p>\n","protected":false},"author":1,"featured_media":38396,"comment_status":"closed","ping_status":"closed","sticky":false,"template":"","format":"video","meta":{"footnotes":""},"categories":[10,11],"tags":[136],"class_list":["post-38394","post","type-post","status-publish","format-video","has-post-thumbnail","hentry","category-provinciales","category-sociedad","tag-destacados","post_format-post-format-video"],"_links":{"self":[{"href":"http:\/\/informateesquina.com\/index.php?rest_route=\/wp\/v2\/posts\/38394","targetHints":{"allow":["GET"]}}],"collection":[{"href":"http:\/\/informateesquina.com\/index.php?rest_route=\/wp\/v2\/posts"}],"about":[{"href":"http:\/\/informateesquina.com\/index.php?rest_route=\/wp\/v2\/types\/post"}],"author":[{"embeddable":true,"href":"http:\/\/informateesquina.com\/index.php?rest_route=\/wp\/v2\/users\/1"}],"replies":[{"embeddable":true,"href":"http:\/\/informateesquina.com\/index.php?rest_route=%2Fwp%2Fv2%2Fcomments&post=38394"}],"version-history":[{"count":0,"href":"http:\/\/informateesquina.com\/index.php?rest_route=\/wp\/v2\/posts\/38394\/revisions"}],"wp:featuredmedia":[{"embeddable":true,"href":"http:\/\/informateesquina.com\/index.php?rest_route=\/"}],"wp:attachment":[{"href":"http:\/\/informateesquina.com\/index.php?rest_route=%2Fwp%2Fv2%2Fmedia&parent=38394"}],"wp:term":[{"taxonomy":"category","embeddable":true,"href":"http:\/\/informateesquina.com\/index.php?rest_route=%2Fwp%2Fv2%2Fcategories&post=38394"},{"taxonomy":"post_tag","embeddable":true,"href":"http:\/\/informateesquina.com\/index.php?rest_route=%2Fwp%2Fv2%2Ftags&post=38394"}],"curies":[{"name":"wp","href":"https:\/\/api.w.org\/{rel}","templated":true}]}}