{"id":38399,"date":"2020-04-17T20:17:46","date_gmt":"2020-04-17T23:17:46","guid":{"rendered":"https:\/\/informateesquina.com\/?p=38399"},"modified":"2020-04-17T20:17:46","modified_gmt":"2020-04-17T23:17:46","slug":"en-cuarentena-y-con-una-causa-judicial-por-ir-a-buscar-a-su-esposa-a-resistencia","status":"publish","type":"post","link":"http:\/\/informateesquina.com\/?p=38399","title":{"rendered":"En cuarentena y con una causa judicial por ir a buscar a su esposa a Resistencia"},"content":{"rendered":"<div id=\"titulo_230248\" class=\"titulo\"><\/div>\n<div class=\"imagen vistafull\">\n<div id=\"recurso\"><a title=\"controles\" href=\"https:\/\/www.tumercedes.com\/uploads\/recursos\/ac9416c927e21a896f49853e44a69f24b5ff054a.jpg\" rel=\"lightbox[Fotografias230248]\"><img decoding=\"async\" title=\"controles\" src=\"https:\/\/www.tumercedes.com\/uploads\/recursos\/tac9416c927e21a896f49853e44a69f24b5ff054a.jpg\" width=\"300\" \/><\/a><\/div>\n<\/div>\n<div class=\"bajada\">\n<p>Le pas\u00f3 a un mercede\u00f1o que sali\u00f3 a buscar a su esposa a la provincia del Chaco en plena cuarentena. El Intendente se refiri\u00f3 a esta situaci\u00f3n y alert\u00f3 que los controles del puente y de la caminera fallaron &#8220;no puede ser que en el \u00faltimo control en el ingreso a la ciudad se haya detectado esto&#8221;<\/p>\n<\/div>\n<div id=\"desarrollo_230248\" class=\"desarrollo \">\n<p>Al ser consultado como se resolvi\u00f3 la situaci\u00f3n con la que se encontraron el d\u00eda jueves en el acceso Norte \u201ctom\u00f3 intervenci\u00f3n la polic\u00eda porque son ellos los que deben hacer el cumplimiento legal de la Norma, se hizo la documentaci\u00f3n necesaria y se comunic\u00f3 al Fiscal de Turno quien decidi\u00f3 que estas personas vayan a la casa y que queden con presi\u00f3n domiciliaria\u201d.<\/p>\n<p>Por eso esta familia domiciliada en el B\u00ba 100 viviendas de la Av. Lavalle qued\u00f3 detenida en su casa y adem\u00e1s le retuvieron el autom\u00f3vil.<\/p>\n<p>\u201cEstas cosas no deben hacerse\u201d resalt\u00f3 Caram quien hizo un llamado a la pol\u00edtica de la oposici\u00f3n \u201cdejen de llamar a los funcionarios que est\u00e1n tratando de hacer su trabajo de la mejor forma cuidando a los mercede\u00f1os para tratar de que estas personas ingresen a la ciudad, este momento no es para hacer pol\u00edtica sino para cuidar a los mercede\u00f1os\u2026\u201d.<\/p>\n<p>\u201cEstos no son inconvenientes porque una persona que tuvo la capacidad de ir al Chaco en su veh\u00edculo, cargarle a su mujer y venir nuevamente y tratar de ingresar tom\u00e1ndole el pelo a todos los mercede\u00f1os no es una situaci\u00f3n normal\u201d apunt\u00f3.<\/p>\n<p>Diego Caram adem\u00e1s mencion\u00f3 en el Programa de Mart\u00edn Sarasola \u201cen ese momento que estaba Claudio Quiroz en el control, quien est\u00e1 a cargo de alumbrado pero que antes fue el jefe de la GUM y tiene conocimiento por eso pido a los mercede\u00f1os que no nos quieran tomar del pelo\u2026\u201d.<\/p>\n<p>El Intendente adelant\u00f3 que har\u00e1n un pedido a la provincia porque no puede ser que en el \u00faltimo control en el ingreso a la ciudad se haya detectado esto \u201cquien control\u00f3 cuando pas\u00f3 al Chaco y volvi\u00f3, quien control\u00f3 en la balanza o quien control\u00f3 en la caminera de ac\u00e1, porque si vamos a pagar gente para que est\u00e9 durmiendo, no sirve para nada\u2026\u201d.<\/p>\n<p>FUENTE: TU MERCEDES<\/p>\n<\/div>\n","protected":false},"excerpt":{"rendered":"<p>Le pas\u00f3 a un mercede\u00f1o que sali\u00f3 a buscar a su esposa a la provincia del Chaco en plena cuarentena. El Intendente se refiri\u00f3 a esta situaci\u00f3n y alert\u00f3 que los controles del puente y de la caminera fallaron &#8220;no puede ser que en el \u00faltimo control en el ingreso a la ciudad se haya [&hellip;]<\/p>\n","protected":false},"author":1,"featured_media":38400,"comment_status":"closed","ping_status":"closed","sticky":false,"template":"","format":"standard","meta":{"footnotes":""},"categories":[8],"tags":[],"class_list":["post-38399","post","type-post","status-publish","format-standard","has-post-thumbnail","hentry","category-policiales"],"_links":{"self":[{"href":"http:\/\/informateesquina.com\/index.php?rest_route=\/wp\/v2\/posts\/38399","targetHints":{"allow":["GET"]}}],"collection":[{"href":"http:\/\/informateesquina.com\/index.php?rest_route=\/wp\/v2\/posts"}],"about":[{"href":"http:\/\/informateesquina.com\/index.php?rest_route=\/wp\/v2\/types\/post"}],"author":[{"embeddable":true,"href":"http:\/\/informateesquina.com\/index.php?rest_route=\/wp\/v2\/users\/1"}],"replies":[{"embeddable":true,"href":"http:\/\/informateesquina.com\/index.php?rest_route=%2Fwp%2Fv2%2Fcomments&post=38399"}],"version-history":[{"count":0,"href":"http:\/\/informateesquina.com\/index.php?rest_route=\/wp\/v2\/posts\/38399\/revisions"}],"wp:featuredmedia":[{"embeddable":true,"href":"http:\/\/informateesquina.com\/index.php?rest_route=\/"}],"wp:attachment":[{"href":"http:\/\/informateesquina.com\/index.php?rest_route=%2Fwp%2Fv2%2Fmedia&parent=38399"}],"wp:term":[{"taxonomy":"category","embeddable":true,"href":"http:\/\/informateesquina.com\/index.php?rest_route=%2Fwp%2Fv2%2Fcategories&post=38399"},{"taxonomy":"post_tag","embeddable":true,"href":"http:\/\/informateesquina.com\/index.php?rest_route=%2Fwp%2Fv2%2Ftags&post=38399"}],"curies":[{"name":"wp","href":"https:\/\/api.w.org\/{rel}","templated":true}]}}