{"id":38402,"date":"2020-04-17T21:21:12","date_gmt":"2020-04-18T00:21:12","guid":{"rendered":"https:\/\/informateesquina.com\/?p=38402"},"modified":"2020-04-17T21:21:12","modified_gmt":"2020-04-18T00:21:12","slug":"activaron-protocolo-por-caso-sospechoso-de-coronavirus-en-empedrado","status":"publish","type":"post","link":"http:\/\/informateesquina.com\/?p=38402","title":{"rendered":"Activaron protocolo por caso sospechoso de Coronavirus en Empedrado"},"content":{"rendered":"<div class=\"bajada\">\n<p style=\"text-align: center;\"><em><strong>Por un caso sospechoso de la enfermedad, una persona de sexo masculino qued\u00f3 aislada.<\/strong><\/em><\/p>\n<p>&nbsp;<\/p>\n<\/div>\n<div id=\"desarrollo_230263\" class=\"desarrollo \">\n<p>En conferencia de prensa en la Municipalidad de Empedrado, encabezado por el intendente Jos\u00e9 Cheme, el director del Hospital local &#8220;Jaime Mario D\u00e1vila\u201d, Javier Maldonado, inform\u00f3 que en la tarde de este viernes se activ\u00f3 el protocolo de Coronavirus por un caso sospechoso en la localidad, en el marco de la Emergencia Sanitaria por la pandemia. &#8220;No queremos intranquilizarlos, pero es hablarles de una realidad&#8221;, expres\u00f3 el Jefe comunal.<\/p>\n<p>&#8220;Hasta el momento no hay ning\u00fan caso positivo de coronavirus en Empedrado. Se activ\u00f3 el protocolo por una persona empedrade\u00f1a, oriunda del paraje Manuel Derqui que, sobreavis\u00f3 al control de acceso a la ciudad, por lo cual se actu\u00f3 de forma preventiva&#8221;, detall\u00f3 Maldonado.<\/p>\n<p>Agreg\u00f3 que &#8220;se lo puso en aislamiento y, como rige el protocolo, va a seguir en aislamiento con controles diarios como se lo viene haciendo con todas las personas que est\u00e1n cumpliendo su cuarentena. Est\u00e1 asintom\u00e1tico y es una persona que viene de una zona de riesgo como ser la provincia del Chaco. Es un aislamiento preventivo, social y obligatorio\u201d, cerr\u00f3.<\/p>\n<p>&nbsp;<\/p>\n<\/div>\n<p><em>FUENTE: www.tucorrientes.com<\/em><\/p>\n","protected":false},"excerpt":{"rendered":"<p>Por un caso sospechoso de la enfermedad, una persona de sexo masculino qued\u00f3 aislada. &nbsp; En conferencia de prensa en la Municipalidad de Empedrado, encabezado por el intendente Jos\u00e9 Cheme, el director del Hospital local &#8220;Jaime Mario D\u00e1vila\u201d, Javier Maldonado, inform\u00f3 que en la tarde de este viernes se activ\u00f3 el protocolo de Coronavirus por [&hellip;]<\/p>\n","protected":false},"author":1,"featured_media":38403,"comment_status":"closed","ping_status":"closed","sticky":false,"template":"","format":"standard","meta":{"footnotes":""},"categories":[10],"tags":[136],"class_list":["post-38402","post","type-post","status-publish","format-standard","has-post-thumbnail","hentry","category-provinciales","tag-destacados"],"_links":{"self":[{"href":"http:\/\/informateesquina.com\/index.php?rest_route=\/wp\/v2\/posts\/38402","targetHints":{"allow":["GET"]}}],"collection":[{"href":"http:\/\/informateesquina.com\/index.php?rest_route=\/wp\/v2\/posts"}],"about":[{"href":"http:\/\/informateesquina.com\/index.php?rest_route=\/wp\/v2\/types\/post"}],"author":[{"embeddable":true,"href":"http:\/\/informateesquina.com\/index.php?rest_route=\/wp\/v2\/users\/1"}],"replies":[{"embeddable":true,"href":"http:\/\/informateesquina.com\/index.php?rest_route=%2Fwp%2Fv2%2Fcomments&post=38402"}],"version-history":[{"count":0,"href":"http:\/\/informateesquina.com\/index.php?rest_route=\/wp\/v2\/posts\/38402\/revisions"}],"wp:featuredmedia":[{"embeddable":true,"href":"http:\/\/informateesquina.com\/index.php?rest_route=\/"}],"wp:attachment":[{"href":"http:\/\/informateesquina.com\/index.php?rest_route=%2Fwp%2Fv2%2Fmedia&parent=38402"}],"wp:term":[{"taxonomy":"category","embeddable":true,"href":"http:\/\/informateesquina.com\/index.php?rest_route=%2Fwp%2Fv2%2Fcategories&post=38402"},{"taxonomy":"post_tag","embeddable":true,"href":"http:\/\/informateesquina.com\/index.php?rest_route=%2Fwp%2Fv2%2Ftags&post=38402"}],"curies":[{"name":"wp","href":"https:\/\/api.w.org\/{rel}","templated":true}]}}