{"id":38405,"date":"2020-04-17T22:18:16","date_gmt":"2020-04-18T01:18:16","guid":{"rendered":"https:\/\/informateesquina.com\/?p=38405"},"modified":"2020-04-17T22:18:16","modified_gmt":"2020-04-18T01:18:16","slug":"pueblo-libertador-los-jovenes-que-llegaron-tenian-el-permiso-de-circulacion-nacional","status":"publish","type":"post","link":"http:\/\/informateesquina.com\/?p=38405","title":{"rendered":"Pueblo Libertador: &#8220;Los j\u00f3venes que llegaron ten\u00edan el permiso de circulaci\u00f3n nacional&#8221;"},"content":{"rendered":"<audio class=\"wp-audio-shortcode\" id=\"audio-38405-1\" preload=\"none\" style=\"width: 100%;\" controls=\"controls\"><source type=\"audio\/mpeg\" src=\"https:\/\/informateesquina.com\/wp-content\/uploads\/2020\/04\/libertador.mp3?_=1\" \/><a href=\"https:\/\/informateesquina.com\/wp-content\/uploads\/2020\/04\/libertador.mp3\">https:\/\/informateesquina.com\/wp-content\/uploads\/2020\/04\/libertador.mp3<\/a><\/audio>\n<p>El intendente de Pueblo Libertador, Arnaldo Arce habl\u00f3 con Radio Sudamericana e inform\u00f3 que este jueves, en horas de la ma\u00f1ana, activaron protocolo en forma preventiva por la llegada de dos correntinos que estaban viviendo en Buenos Aires. \u201cEllos se dedican al cuidado de caballos de polo y hace 10 d\u00edas se quedaron sin trabajo. Son nacidos y criados en Pueblo Libertador\u201d, aclar\u00f3.<\/p>\n<p>\u201cLos j\u00f3venes se hab\u00edan quedado en la calle porque donde estaban, iban a llegar \u00a0chicos del exterior y el club les pidi\u00f3 el espacio. Los chicos estaban preocupados porque no ten\u00edan donde alojarse\u201d, agreg\u00f3.<\/p>\n<p>\u201cVinieron en un auto particular, con la documentaci\u00f3n pertinente. Ten\u00edan el permiso de circulaci\u00f3n nacional, con ese permiso circularon desde Buenos Aires a Corrientes. Cuando tomamos conocimientos de que estaban llegando \u00a0se activaron las acciones de prevenci\u00f3n para que no ingresen sin ning\u00fan tipo de cuidado. Est\u00e1n en una caba\u00f1a, con un aislamiento preventivo y voluntario para tranquilidad de la comunidad\u201d.<\/p>\n<p>Ninguna de las dos personas presentan s\u00edntomas pero de igual manera deber\u00e1n \u00a0cumplir cuarentena ya que vienen de una provincia donde ya hay numerosos casos de coronavirus. \u201cEllos no est\u00e1n enfermos, no tienen s\u00edntomas\u201d, recalc\u00f3 el intendente.<\/p>\n","protected":false},"excerpt":{"rendered":"<p>El intendente de Pueblo Libertador, Arnaldo Arce habl\u00f3 con Radio Sudamericana e inform\u00f3 que este jueves, en horas de la ma\u00f1ana, activaron protocolo en forma preventiva por la llegada de dos correntinos que estaban viviendo en Buenos Aires. \u201cEllos se dedican al cuidado de caballos de polo y hace 10 d\u00edas se quedaron sin trabajo. [&hellip;]<\/p>\n","protected":false},"author":1,"featured_media":38406,"comment_status":"closed","ping_status":"closed","sticky":false,"template":"","format":"audio","meta":{"footnotes":""},"categories":[6],"tags":[136],"class_list":["post-38405","post","type-post","status-publish","format-audio","has-post-thumbnail","hentry","category-locales","tag-destacados","post_format-post-format-audio"],"_links":{"self":[{"href":"http:\/\/informateesquina.com\/index.php?rest_route=\/wp\/v2\/posts\/38405","targetHints":{"allow":["GET"]}}],"collection":[{"href":"http:\/\/informateesquina.com\/index.php?rest_route=\/wp\/v2\/posts"}],"about":[{"href":"http:\/\/informateesquina.com\/index.php?rest_route=\/wp\/v2\/types\/post"}],"author":[{"embeddable":true,"href":"http:\/\/informateesquina.com\/index.php?rest_route=\/wp\/v2\/users\/1"}],"replies":[{"embeddable":true,"href":"http:\/\/informateesquina.com\/index.php?rest_route=%2Fwp%2Fv2%2Fcomments&post=38405"}],"version-history":[{"count":0,"href":"http:\/\/informateesquina.com\/index.php?rest_route=\/wp\/v2\/posts\/38405\/revisions"}],"wp:featuredmedia":[{"embeddable":true,"href":"http:\/\/informateesquina.com\/index.php?rest_route=\/"}],"wp:attachment":[{"href":"http:\/\/informateesquina.com\/index.php?rest_route=%2Fwp%2Fv2%2Fmedia&parent=38405"}],"wp:term":[{"taxonomy":"category","embeddable":true,"href":"http:\/\/informateesquina.com\/index.php?rest_route=%2Fwp%2Fv2%2Fcategories&post=38405"},{"taxonomy":"post_tag","embeddable":true,"href":"http:\/\/informateesquina.com\/index.php?rest_route=%2Fwp%2Fv2%2Ftags&post=38405"}],"curies":[{"name":"wp","href":"https:\/\/api.w.org\/{rel}","templated":true}]}}