{"id":38410,"date":"2020-04-18T11:54:20","date_gmt":"2020-04-18T14:54:20","guid":{"rendered":"https:\/\/informateesquina.com\/?p=38410"},"modified":"2020-04-18T11:54:20","modified_gmt":"2020-04-18T14:54:20","slug":"que-hay-que-saber-para-volver-a-corrientes-si-estas-en-otra-provincia","status":"publish","type":"post","link":"http:\/\/informateesquina.com\/?p=38410","title":{"rendered":"Qu\u00e9 hay que saber para volver a Corrientes si est\u00e1s en otra provincia"},"content":{"rendered":"<p>D\u00f3nde obtengo el permiso?_ En el link\u00a0https:\/\/regresoacasa.argentina.gob.ar<\/p>\n<p>&nbsp;<\/p>\n<p>\u00bfCu\u00e1ndo puedo obtener mi permiso?\u00a0A partir de hoy<\/p>\n<p>&nbsp;<\/p>\n<p>\u00bfCu\u00e1l es la vigencia del permiso? _\u00a0Del s\u00e1bado 18\/4 a las 0.00 hs al martes 21\/04 a las 24 hs. Y tiene validez de 48 horas.<\/p>\n<p>&nbsp;<\/p>\n<p>\u00bfQui\u00e9n tiene que gestionar el permiso?\u00a0Un responsable del grupo que se traslada<\/p>\n<p>&nbsp;<\/p>\n<p>\u00bfQu\u00e9 habilita la declaraci\u00f3n jurada?\u00a0La circulaci\u00f3n del veh\u00edculo, con los pasajeros declarados, al destino de residencia<\/p>\n<p>&nbsp;<\/p>\n<p>\u00bfCu\u00e1l debe ser el destino del permiso?\u00a0El domicilio de residencia donde se cumplir\u00e1 con el aislamiento obligatorio<\/p>\n<p>&nbsp;<\/p>\n<p>\u00bfPuedo acreditar domicilio con factura de servicios?\u00a0Si<\/p>\n<p>&nbsp;<\/p>\n<p>\u00bfCu\u00e1nta gente se puede trasladar?\u00a0La capacidad permitida por el veh\u00edculo<\/p>\n<p>&nbsp;<\/p>\n<p>\u00bfPuedo ir a buscar a un familiar con mi veh\u00edculo?\u00a0Si<\/p>\n<p>&nbsp;<\/p>\n<p>\u00bfSe pueden alquilar veh\u00edculos?\u00a0No<\/p>\n<p>&nbsp;<\/p>\n<p>\u00bfSe habilita el transporte de media y larga distancia?\u00a0No<\/p>\n<p>&nbsp;<\/p>\n<p>\u00bfPor qu\u00e9 se anuncia con poca anticipaci\u00f3n?\u00a0Para desalentar la circulaci\u00f3n de casos injustificados<\/p>\n<p>&nbsp;<\/p>\n<p>\u00bfPor qu\u00e9 se toma la decisi\u00f3n hoy?\u00a0Porque con seguridad los pasajeros cumplieron los 14 d\u00edas de aislamiento recomendado para prevenir la propagaci\u00f3n del coronavirus y podr\u00e1n trasladarse de modo seguro para toda la poblaci\u00f3n.<\/p>\n<p>&nbsp;<\/p>\n<p>\u00bfQui\u00e9n controlar\u00e1 la circulaci\u00f3n de estos casos excepcionales? El Ministerio de Seguridad y la Agencia Nacional de Seguridad Vial (ANSV), dependiente del Ministerio de Transporte, y las fuerzas de otras localidades.<\/p>\n<p>Diario El Litoral<\/p>\n","protected":false},"excerpt":{"rendered":"<p>D\u00f3nde obtengo el permiso?_ En el link\u00a0https:\/\/regresoacasa.argentina.gob.ar &nbsp; \u00bfCu\u00e1ndo puedo obtener mi permiso?\u00a0A partir de hoy &nbsp; \u00bfCu\u00e1l es la vigencia del permiso? _\u00a0Del s\u00e1bado 18\/4 a las 0.00 hs al martes 21\/04 a las 24 hs. Y tiene validez de 48 horas. &nbsp; \u00bfQui\u00e9n tiene que gestionar el permiso?\u00a0Un responsable del grupo que se [&hellip;]<\/p>\n","protected":false},"author":1,"featured_media":38411,"comment_status":"closed","ping_status":"closed","sticky":false,"template":"","format":"standard","meta":{"footnotes":""},"categories":[7,11],"tags":[136],"class_list":["post-38410","post","type-post","status-publish","format-standard","has-post-thumbnail","hentry","category-nacionales","category-sociedad","tag-destacados"],"_links":{"self":[{"href":"http:\/\/informateesquina.com\/index.php?rest_route=\/wp\/v2\/posts\/38410","targetHints":{"allow":["GET"]}}],"collection":[{"href":"http:\/\/informateesquina.com\/index.php?rest_route=\/wp\/v2\/posts"}],"about":[{"href":"http:\/\/informateesquina.com\/index.php?rest_route=\/wp\/v2\/types\/post"}],"author":[{"embeddable":true,"href":"http:\/\/informateesquina.com\/index.php?rest_route=\/wp\/v2\/users\/1"}],"replies":[{"embeddable":true,"href":"http:\/\/informateesquina.com\/index.php?rest_route=%2Fwp%2Fv2%2Fcomments&post=38410"}],"version-history":[{"count":0,"href":"http:\/\/informateesquina.com\/index.php?rest_route=\/wp\/v2\/posts\/38410\/revisions"}],"wp:featuredmedia":[{"embeddable":true,"href":"http:\/\/informateesquina.com\/index.php?rest_route=\/"}],"wp:attachment":[{"href":"http:\/\/informateesquina.com\/index.php?rest_route=%2Fwp%2Fv2%2Fmedia&parent=38410"}],"wp:term":[{"taxonomy":"category","embeddable":true,"href":"http:\/\/informateesquina.com\/index.php?rest_route=%2Fwp%2Fv2%2Fcategories&post=38410"},{"taxonomy":"post_tag","embeddable":true,"href":"http:\/\/informateesquina.com\/index.php?rest_route=%2Fwp%2Fv2%2Ftags&post=38410"}],"curies":[{"name":"wp","href":"https:\/\/api.w.org\/{rel}","templated":true}]}}