{"id":38424,"date":"2020-04-20T15:30:57","date_gmt":"2020-04-20T18:30:57","guid":{"rendered":"https:\/\/informateesquina.com\/?p=38424"},"modified":"2020-04-20T15:30:57","modified_gmt":"2020-04-20T18:30:57","slug":"se-quedo-dormido-en-plena-clase-virtual-y-ahora-es-viral","status":"publish","type":"post","link":"http:\/\/informateesquina.com\/?p=38424","title":{"rendered":"Se qued\u00f3 dormido en plena clase virtual y ahora es viral"},"content":{"rendered":"<h4 class=\"copete\" style=\"text-align: center;\"><strong>\u201cSe me quedan dormidos en clase, pero en la cama no se me hab\u00edan dormido nunca\u201d, exclam\u00f3 at\u00f3nito el profesor.<\/strong><\/h4>\n<div class=\"fotos-y-videos\">\n<div class=\"tab-content\">\n<div id=\"fotos\" class=\"tab-pane fade in active\" role=\"tabpanel\"><a class=\"fotos-desarrollo unlink\" title=\"Se qued\u00f3 dormido en plena clase virtual y ahora es viral\" href=\"https:\/\/www.radiosudamericana.com\/notix\/multimedia\/imagenes\/fotos\/2020-04-19\/204751.jpg\"><img decoding=\"async\" class=\"img-responsive lazyload center-block\" src=\"https:\/\/www.radiosudamericana.com\/notix\/multimedia\/imagenes\/fotos\/2020-04-19\/204751.jpg\" alt=\"foto: Se qued\u00f3 dormido en plena clase virtual y ahora es viral\" \/><\/a><\/div>\n<\/div>\n<\/div>\n<p>&nbsp;<\/p>\n<div id=\"pvideo1\" class=\"jwplayer playlist-none\" tabindex=\"0\">\n<div id=\"pvideo1_caption\" class=\"jwcaptions\">Con los colegios cerrados por tiempo indeterminado a causa de la pandemia de coronavirus , las clases presenciales fueron reemplazadas en la Argentina por aulas virtuales.<\/div>\n<div><\/div>\n<\/div>\n<div class=\"cuerpo\">\n<p>Por este motivo, tanto los profesores como los alumnos tuvieron que modificar h\u00e1bitos cotidianos y ahora se vieron obligados a utilizar aplicaciones como\u00a0Zoom\u00a0para continuar brindando sus programas educativos.<\/p>\n<p>Pero estas nuevas din\u00e1micas no impiden que se repitan viejos vicios, como lo atestigu\u00f3\u00a0<strong>un profesor que descubri\u00f3 que uno de sus alumnos dorm\u00eda en su cama pl\u00e1cidamente en lugar de atender y prestar atenci\u00f3n a sus indicaciones<\/strong>.<\/p>\n<div style=\"width: 720px;\" class=\"wp-video\"><video class=\"wp-video-shortcode\" id=\"video-38424-1\" width=\"720\" height=\"480\" preload=\"metadata\" controls=\"controls\"><source type=\"video\/mp4\" src=\"https:\/\/informateesquina.com\/wp-content\/uploads\/2020\/04\/2020041981960306.mp4?_=1\" \/><a href=\"https:\/\/informateesquina.com\/wp-content\/uploads\/2020\/04\/2020041981960306.mp4\">https:\/\/informateesquina.com\/wp-content\/uploads\/2020\/04\/2020041981960306.mp4<\/a><\/video><\/div>\n<p>La escena fue grabada y se viraliz\u00f3 en las redes sociales. El docente no ocult\u00f3 su sorpresa y dijo: &#8220;<strong>La verdad es que no me hab\u00eda pasado nunca, se me duermen en clase pero en la cama nunca&#8221;, mencion\u00f3 el profesor<\/strong>.<\/p>\n<p>Varios usuarios en las redes sociales se sintieron identificados con la situaci\u00f3n. &#8220;Estamos en este aislamiento y la mayor\u00eda tenemos problemas con el sue\u00f1o&#8221;, coment\u00f3 uno de los estudiantes. &#8220;Yo por eso me aseguro de apagar la c\u00e1mara&#8221;, a\u00f1adi\u00f3 otro.<\/p>\n<\/div>\n","protected":false},"excerpt":{"rendered":"<p>\u201cSe me quedan dormidos en clase, pero en la cama no se me hab\u00edan dormido nunca\u201d, exclam\u00f3 at\u00f3nito el profesor. &nbsp; Con los colegios cerrados por tiempo indeterminado a causa de la pandemia de coronavirus , las clases presenciales fueron reemplazadas en la Argentina por aulas virtuales. Por este motivo, tanto los profesores como los [&hellip;]<\/p>\n","protected":false},"author":1,"featured_media":38425,"comment_status":"closed","ping_status":"closed","sticky":false,"template":"","format":"standard","meta":{"footnotes":""},"categories":[10,11,12],"tags":[],"class_list":["post-38424","post","type-post","status-publish","format-standard","has-post-thumbnail","hentry","category-provinciales","category-sociedad","category-tecnologia"],"_links":{"self":[{"href":"http:\/\/informateesquina.com\/index.php?rest_route=\/wp\/v2\/posts\/38424","targetHints":{"allow":["GET"]}}],"collection":[{"href":"http:\/\/informateesquina.com\/index.php?rest_route=\/wp\/v2\/posts"}],"about":[{"href":"http:\/\/informateesquina.com\/index.php?rest_route=\/wp\/v2\/types\/post"}],"author":[{"embeddable":true,"href":"http:\/\/informateesquina.com\/index.php?rest_route=\/wp\/v2\/users\/1"}],"replies":[{"embeddable":true,"href":"http:\/\/informateesquina.com\/index.php?rest_route=%2Fwp%2Fv2%2Fcomments&post=38424"}],"version-history":[{"count":0,"href":"http:\/\/informateesquina.com\/index.php?rest_route=\/wp\/v2\/posts\/38424\/revisions"}],"wp:featuredmedia":[{"embeddable":true,"href":"http:\/\/informateesquina.com\/index.php?rest_route=\/"}],"wp:attachment":[{"href":"http:\/\/informateesquina.com\/index.php?rest_route=%2Fwp%2Fv2%2Fmedia&parent=38424"}],"wp:term":[{"taxonomy":"category","embeddable":true,"href":"http:\/\/informateesquina.com\/index.php?rest_route=%2Fwp%2Fv2%2Fcategories&post=38424"},{"taxonomy":"post_tag","embeddable":true,"href":"http:\/\/informateesquina.com\/index.php?rest_route=%2Fwp%2Fv2%2Ftags&post=38424"}],"curies":[{"name":"wp","href":"https:\/\/api.w.org\/{rel}","templated":true}]}}