{"id":38437,"date":"2020-04-20T16:40:24","date_gmt":"2020-04-20T19:40:24","guid":{"rendered":"https:\/\/informateesquina.com\/?p=38437"},"modified":"2020-04-20T16:40:24","modified_gmt":"2020-04-20T19:40:24","slug":"el-comite-de-crisis-se-reestructuro-y-brindo-una-conferencia-de-prensa","status":"publish","type":"post","link":"http:\/\/informateesquina.com\/?p=38437","title":{"rendered":"El Comit\u00e9 de Crisis se reestructur\u00f3 y brind\u00f3 una conferencia de prensa"},"content":{"rendered":"<p>El Comit\u00e9 de Crisis, en la ciudad de Esquina tuvo una reestructuraci\u00f3n y redujo el n\u00famero de sus miembros. Qued\u00f3 compuesto por el Intendente, Hugo Ben\u00edtez; el juez de Instrucci\u00f3n de la ciudad Gustavo Vallejos ; el Secretario de Salud y Acci\u00f3n Social municipal Ricardo Davicino y el doctor Leandro Ram\u00edrez, Director del Hospital local.<\/p>\n<p>En la ma\u00f1ana de este lunes brindaron una conferencia de prensa. El Intendente coment\u00f3 las acciones que vienen realizando para combatir al dengue como ser la compra de maquinaria para la fumigaci\u00f3n y el corte de pasto, o la compra de barbijos para prevenir el coronavirus. En este sentido recalc\u00f3 que Esquina a\u00fan no tiene infectados \u201cporque nos estamos cuidando\u201d.<\/p>\n<p>Pidi\u00f3 tambi\u00e9n a la ciudadan\u00eda y a la prensa que evite la viralizaci\u00f3n de informaci\u00f3n err\u00f3nea para no desatar la paranoia en la poblaci\u00f3n. \u201cNosotros trabajamos con la verdad, todo lo que se hace van a saber. Podemos tener errores pero nos vamos ocupando a medida que los vamos viendo\u201d.<\/p>\n<p>Por su parte el doctor Ram\u00edrez se\u00f1al\u00f3 que se est\u00e1 trabajando las 24 horas para evitar que ingresen personas con alguna infecci\u00f3n y que si lo hace, que cumpla con la cuarentena.<\/p>\n<p>En cuanto a los esqu\u00ednenses varados en alg\u00fan punto del pa\u00eds el intendente expres\u00f3 que est\u00e1n trabajando en eso y viendo c\u00f3mo hacer para traerlos y cumplir con todas las normas sanitarias y de prevenci\u00f3n. Cont\u00f3 que hay 14 personas en aislamiento preventivo ya que vinieron de otras ciudades, y es parte del protocolo que est\u00e9n aislados durante 15 d\u00edas.<\/p>\n<p>Tambi\u00e9n anticiparon que est\u00e1n detr\u00e1s de un galp\u00f3n que podr\u00eda ser reacondicionado para que quienes que no puedan cumplir la cuarentena en su domicilio \u2013 porque tienen una familia numerosa- lo puedan hacer en ese lugar.<\/p>\n<p>Ramirez volvi\u00f3 a recalca que en caso de que existan casos positivos que necesiten internaci\u00f3n, ser\u00e1n trasladados a Goya o a la Capital correntina donde ya existe un lugar \u2013 el Hogar Escuela- el cual tiene capacidad para 1.000 camas y 200 respiradores.<\/p>\n<p>El pr\u00f3ximo lunes volver\u00e1n a hacer una conferencia para ir contando las acciones llevadas acabo durante la semana.<\/p>\n","protected":false},"excerpt":{"rendered":"<p>El Comit\u00e9 de Crisis, en la ciudad de Esquina tuvo una reestructuraci\u00f3n y redujo el n\u00famero de sus miembros. Qued\u00f3 compuesto por el Intendente, Hugo Ben\u00edtez; el juez de Instrucci\u00f3n de la ciudad Gustavo Vallejos ; el Secretario de Salud y Acci\u00f3n Social municipal Ricardo Davicino y el doctor Leandro Ram\u00edrez, Director del Hospital local. [&hellip;]<\/p>\n","protected":false},"author":1,"featured_media":38438,"comment_status":"closed","ping_status":"closed","sticky":false,"template":"","format":"video","meta":{"footnotes":""},"categories":[6],"tags":[136],"class_list":["post-38437","post","type-post","status-publish","format-video","has-post-thumbnail","hentry","category-locales","tag-destacados","post_format-post-format-video"],"_links":{"self":[{"href":"http:\/\/informateesquina.com\/index.php?rest_route=\/wp\/v2\/posts\/38437","targetHints":{"allow":["GET"]}}],"collection":[{"href":"http:\/\/informateesquina.com\/index.php?rest_route=\/wp\/v2\/posts"}],"about":[{"href":"http:\/\/informateesquina.com\/index.php?rest_route=\/wp\/v2\/types\/post"}],"author":[{"embeddable":true,"href":"http:\/\/informateesquina.com\/index.php?rest_route=\/wp\/v2\/users\/1"}],"replies":[{"embeddable":true,"href":"http:\/\/informateesquina.com\/index.php?rest_route=%2Fwp%2Fv2%2Fcomments&post=38437"}],"version-history":[{"count":0,"href":"http:\/\/informateesquina.com\/index.php?rest_route=\/wp\/v2\/posts\/38437\/revisions"}],"wp:featuredmedia":[{"embeddable":true,"href":"http:\/\/informateesquina.com\/index.php?rest_route=\/"}],"wp:attachment":[{"href":"http:\/\/informateesquina.com\/index.php?rest_route=%2Fwp%2Fv2%2Fmedia&parent=38437"}],"wp:term":[{"taxonomy":"category","embeddable":true,"href":"http:\/\/informateesquina.com\/index.php?rest_route=%2Fwp%2Fv2%2Fcategories&post=38437"},{"taxonomy":"post_tag","embeddable":true,"href":"http:\/\/informateesquina.com\/index.php?rest_route=%2Fwp%2Fv2%2Ftags&post=38437"}],"curies":[{"name":"wp","href":"https:\/\/api.w.org\/{rel}","templated":true}]}}