{"id":38440,"date":"2020-04-20T17:59:25","date_gmt":"2020-04-20T20:59:25","guid":{"rendered":"https:\/\/informateesquina.com\/?p=38440"},"modified":"2020-04-20T17:59:25","modified_gmt":"2020-04-20T20:59:25","slug":"corrientes-desalmado-mato-a-cuchillazo-y-ahorcado-a-un-perro-junto-a-su-hijo","status":"publish","type":"post","link":"http:\/\/informateesquina.com\/?p=38440","title":{"rendered":"Corrientes: desalmado mat\u00f3 a cuchillazo y ahorcado a un perro junto a su hijo"},"content":{"rendered":"<div class=\"article-featured-image\"><img loading=\"lazy\" decoding=\"async\" class=\"attachment-featured-slider size-featured-slider wp-post-image\" src=\"http:\/\/infoqom.com\/wp-content\/uploads\/2020\/04\/perrito-asesinado-752x440.jpg\" alt=\"\" width=\"752\" height=\"440\" \/><\/div>\n<div class=\"entry-content\">\n<p>&nbsp;<\/p>\n<p>\u201cCarlos Mart\u00ednez mat\u00f3 a su perro a pu\u00f1aladas con ayuda de su hijo, la siesta del viernes 17 de abril en calle Cosqu\u00edn entre Crespo y Bonastre, en la provincia de Corrientes Capital\u201d relata en su cuenta de Facebook H\u00e9ctor Mart\u00ednez presidente de la Fundaci\u00f3n Grupo Patitas.<\/p>\n<figure class=\"wp-block-gallery columns-1 is-cropped\">\n<figure><\/figure>\n<\/figure>\n<p>\u201cAnte los llantos desesperados del perro, los vecinos salieron a ver qu\u00e9 pasaba y al ver la tan cruel escena le gritaron que deje de hacer eso, a lo que Mart\u00ednez respondi\u00f3 verbalmente agresivo\u201d destaca.<\/p>\n<figure class=\"wp-block-gallery columns-1 is-cropped\">\n<figure><\/figure>\n<\/figure>\n<p>\u201cPor favor no dejemos que estas noticias se vuelvan como algo cotidiano y ya com\u00fan. El tipo ya fue denunciado penalmente y se le secuestr\u00f3 el cuchillo con el cual asesin\u00f3 a su perro. Se le hizo la denuncia penal formal y est\u00e1 en investigaci\u00f3n fiscal de feria\u201d finaliza en su relato H\u00e9ctor, que trabaja por la protecci\u00f3n de animales de la vecina provincia.<\/p>\n<p>&nbsp;<\/p>\n<p><strong>Dos lamentables casos en una semana<\/strong><\/p>\n<p>Infoqom, se comunic\u00f3 con H\u00e9ctor quien destac\u00f3 \u00aben Corrientes hubo dos casos en una semana, el lunes pasado, el del pitbull que su due\u00f1o le dispar\u00f3 cinco veces. Caso que a\u00fan no est\u00e1 clarificado, algunos datos dicen que lo habr\u00eda atacado y otros que habr\u00eda querido morder a un alba\u00f1il que estaba trabajando. Lo cierto es que el perro seg\u00fan las radiograf\u00edas ten\u00eda cinco disparos de pistola calibre 32, de los cuales una se aloj\u00f3 en el canal de la m\u00e9dula. No sabemos si va a caminar. Se le hizo la demanda penal al due\u00f1o, y pasa a fiscal\u00eda en feria por el coronavirus, por lo que la resoluci\u00f3n va a tardar mucho tiempo m\u00e1s\u00bb.<\/p>\n<p>\u00abY el viernes, en el Barrio Mil Viviendas, por la siestas un hombre de unos 60 a\u00f1os, interrumpi\u00f3 el silencio de la siesta con aullidos y gritos de su perro. Los vecinos salieron a ver que pasaba y vieron cuando el tira al perro en el piso y le clava un cuchillo. Despu\u00e9s le puso un hierro en la boca, su hijo sosten\u00eda sus patas de atr\u00e1s, le puso la rodilla en la cabeza al animal, le puso una soga por el cuerpo y lo sigui\u00f3 agrediendo. Los vecinos horrorizados le piden que lo deje, los insulta y les dice que no se metan y les dice \u00abtengo m\u00e1s cuchillos para ustedes\u00bb en forma de amenaza. El perro por los testigos dicen que fue ahorcado hasta morir. Era un perro callejero de doce a\u00f1os, no merec\u00eda este final. Los animales nunca tienen la culpa, siempre la tiene el hombre\u00bb. Y por \u00faltimo lo tira en la basura de la esquina.<\/p>\n<p><strong>FUENTE: infoqom.com<\/strong><\/p>\n<figure class=\"wp-block-gallery columns-1 is-cropped\">\n<figure><img decoding=\"async\" class=\"wp-image-34660\" src=\"http:\/\/infoqom.com\/wp-content\/uploads\/2020\/04\/perro-tirado-basura-2.jpg\" sizes=\"(max-width: 270px) 100vw, 270px\" srcset=\"http:\/\/infoqom.com\/wp-content\/uploads\/2020\/04\/perro-tirado-basura-2.jpg 270w, http:\/\/infoqom.com\/wp-content\/uploads\/2020\/04\/perro-tirado-basura-2-169x300.jpg 169w\" alt=\"\" data-id=\"34660\" data-full-url=\"http:\/\/infoqom.com\/wp-content\/uploads\/2020\/04\/perro-tirado-basura-2.jpg\" data-link=\"http:\/\/infoqom.com\/corrientes-desalmado-mato-a-cuchillazo-y-ahorcado-a-un-perro-junto-a-su-hijo\/perro-tirado-basura-2\/\" \/><\/figure>\n<\/figure>\n<figure class=\"wp-block-gallery columns-1 is-cropped\"><\/figure>\n<\/div>\n","protected":false},"excerpt":{"rendered":"<p>&nbsp; \u201cCarlos Mart\u00ednez mat\u00f3 a su perro a pu\u00f1aladas con ayuda de su hijo, la siesta del viernes 17 de abril en calle Cosqu\u00edn entre Crespo y Bonastre, en la provincia de Corrientes Capital\u201d relata en su cuenta de Facebook H\u00e9ctor Mart\u00ednez presidente de la Fundaci\u00f3n Grupo Patitas. \u201cAnte los llantos desesperados del perro, los [&hellip;]<\/p>\n","protected":false},"author":1,"featured_media":38441,"comment_status":"closed","ping_status":"closed","sticky":false,"template":"","format":"video","meta":{"footnotes":""},"categories":[11],"tags":[],"class_list":["post-38440","post","type-post","status-publish","format-video","has-post-thumbnail","hentry","category-sociedad","post_format-post-format-video"],"_links":{"self":[{"href":"http:\/\/informateesquina.com\/index.php?rest_route=\/wp\/v2\/posts\/38440","targetHints":{"allow":["GET"]}}],"collection":[{"href":"http:\/\/informateesquina.com\/index.php?rest_route=\/wp\/v2\/posts"}],"about":[{"href":"http:\/\/informateesquina.com\/index.php?rest_route=\/wp\/v2\/types\/post"}],"author":[{"embeddable":true,"href":"http:\/\/informateesquina.com\/index.php?rest_route=\/wp\/v2\/users\/1"}],"replies":[{"embeddable":true,"href":"http:\/\/informateesquina.com\/index.php?rest_route=%2Fwp%2Fv2%2Fcomments&post=38440"}],"version-history":[{"count":0,"href":"http:\/\/informateesquina.com\/index.php?rest_route=\/wp\/v2\/posts\/38440\/revisions"}],"wp:featuredmedia":[{"embeddable":true,"href":"http:\/\/informateesquina.com\/index.php?rest_route=\/"}],"wp:attachment":[{"href":"http:\/\/informateesquina.com\/index.php?rest_route=%2Fwp%2Fv2%2Fmedia&parent=38440"}],"wp:term":[{"taxonomy":"category","embeddable":true,"href":"http:\/\/informateesquina.com\/index.php?rest_route=%2Fwp%2Fv2%2Fcategories&post=38440"},{"taxonomy":"post_tag","embeddable":true,"href":"http:\/\/informateesquina.com\/index.php?rest_route=%2Fwp%2Fv2%2Ftags&post=38440"}],"curies":[{"name":"wp","href":"https:\/\/api.w.org\/{rel}","templated":true}]}}