{"id":38443,"date":"2020-04-20T21:19:42","date_gmt":"2020-04-21T00:19:42","guid":{"rendered":"https:\/\/informateesquina.com\/?p=38443"},"modified":"2020-04-20T21:19:42","modified_gmt":"2020-04-21T00:19:42","slug":"fue-a-un-evento-y-desde-hace-un-mes-quedo-varado-en-buenos-aires","status":"publish","type":"post","link":"http:\/\/informateesquina.com\/?p=38443","title":{"rendered":"Fue a un evento y desde hace un mes qued\u00f3 varado en Buenos Aires"},"content":{"rendered":"<p class=\"copete\">Se trata del caso de Alberto Escobar, un jubilado que viaj\u00f3 antes del 20 de marzo a Buenos Aires para festejar el cumplea\u00f1os de su t\u00eda. El evento fue el 19 y desde aquel momento le suspendieron los vuelos de regreso a Corrientes. &#8220;Estoy en casa de familiares y no puedo volver&#8221;, dijo.<\/p>\n<div class=\"fotos-y-videos\">\n<div class=\"tab-content\">\n<div id=\"fotos\" class=\"tab-pane fade in active\" role=\"tabpanel\"><a class=\"fotos-desarrollo unlink\" title=\"Fue a un evento y desde hace un mes qued\u00f3 varado en Buenos Aires\" href=\"https:\/\/www.radiosudamericana.com\/notix\/multimedia\/imagenes\/fotos\/2020-04-20\/223120.jpg\"><img decoding=\"async\" class=\"img-responsive lazyload center-block\" src=\"https:\/\/www.radiosudamericana.com\/notix\/multimedia\/imagenes\/fotos\/2020-04-20\/223120.jpg\" alt=\"foto: Fue a un evento y desde hace un mes qued\u00f3 varado en Buenos Aires\" \/><\/a><\/div>\n<\/div>\n<\/div>\n<p>&nbsp;<\/p>\n<div class=\"audios-desarrollo\">\n<div id=\"audio-1\">El caso de Alberto se repite a lo largo y ancho de todo el pa\u00eds. Viaj\u00f3 a Buenos Aires por el cumplea\u00f1os N\u00ba 92 de su t\u00eda y d\u00edas despu\u00e9s se declara el aislamiento social, preventivo y obligatorio. &#8220;Viaj\u00e9\u00a0 y despu\u00e9s ya no pude regresar a Corrientes. Me suspendieron los vuelos y desde ese momento se comenz\u00f3 a suspender todo&#8221;.<\/div>\n<\/div>\n<div class=\"cuerpo\">\n<p>Ya hace un mes viviendo en casa de familiares, Alberto pide una ayuda para volver a su casa.\u00a0\u201cAhora permiten volver pero en auto, pero muchos no lo tenemos\u201d, expres\u00f3 en Sudamericana.<\/p>\n<p>A trav\u00e9s de una resoluci\u00f3n, el Gobierno Nacional permite a los ciudadanos que quedaron varados por la cuarentena en alg\u00fan punto del pa\u00eds y quieren regresar a sus hogares para continuar el aislamiento y evitar el contagio del coronavirus.<\/p>\n<p>A partir de una resoluci\u00f3n del gobierno, y mediante un tr\u00e1mite en la web, hasta el martes a la noche se pueden movilizar en sus autos particulares. &#8220;Van a poder regresar durante 96 horas. Desde el s\u00e1bado a las 0, las personas que quedaron varadas van a poder volver al hogar en su auto particular\u201d, expres\u00f3 el Ministro de Transporte Mario Meoni.<\/p>\n<\/div>\n","protected":false},"excerpt":{"rendered":"<p>Se trata del caso de Alberto Escobar, un jubilado que viaj\u00f3 antes del 20 de marzo a Buenos Aires para festejar el cumplea\u00f1os de su t\u00eda. El evento fue el 19 y desde aquel momento le suspendieron los vuelos de regreso a Corrientes. &#8220;Estoy en casa de familiares y no puedo volver&#8221;, dijo. &nbsp; El [&hellip;]<\/p>\n","protected":false},"author":1,"featured_media":38448,"comment_status":"closed","ping_status":"closed","sticky":false,"template":"","format":"standard","meta":{"footnotes":""},"categories":[11],"tags":[],"class_list":["post-38443","post","type-post","status-publish","format-standard","has-post-thumbnail","hentry","category-sociedad"],"_links":{"self":[{"href":"http:\/\/informateesquina.com\/index.php?rest_route=\/wp\/v2\/posts\/38443","targetHints":{"allow":["GET"]}}],"collection":[{"href":"http:\/\/informateesquina.com\/index.php?rest_route=\/wp\/v2\/posts"}],"about":[{"href":"http:\/\/informateesquina.com\/index.php?rest_route=\/wp\/v2\/types\/post"}],"author":[{"embeddable":true,"href":"http:\/\/informateesquina.com\/index.php?rest_route=\/wp\/v2\/users\/1"}],"replies":[{"embeddable":true,"href":"http:\/\/informateesquina.com\/index.php?rest_route=%2Fwp%2Fv2%2Fcomments&post=38443"}],"version-history":[{"count":0,"href":"http:\/\/informateesquina.com\/index.php?rest_route=\/wp\/v2\/posts\/38443\/revisions"}],"wp:featuredmedia":[{"embeddable":true,"href":"http:\/\/informateesquina.com\/index.php?rest_route=\/"}],"wp:attachment":[{"href":"http:\/\/informateesquina.com\/index.php?rest_route=%2Fwp%2Fv2%2Fmedia&parent=38443"}],"wp:term":[{"taxonomy":"category","embeddable":true,"href":"http:\/\/informateesquina.com\/index.php?rest_route=%2Fwp%2Fv2%2Fcategories&post=38443"},{"taxonomy":"post_tag","embeddable":true,"href":"http:\/\/informateesquina.com\/index.php?rest_route=%2Fwp%2Fv2%2Ftags&post=38443"}],"curies":[{"name":"wp","href":"https:\/\/api.w.org\/{rel}","templated":true}]}}