{"id":38450,"date":"2020-04-20T21:23:05","date_gmt":"2020-04-21T00:23:05","guid":{"rendered":"https:\/\/informateesquina.com\/?p=38450"},"modified":"2020-04-20T21:23:05","modified_gmt":"2020-04-21T00:23:05","slug":"lanzan-creditos-a-tasa-cero-para-monotributistas-y-autonomos","status":"publish","type":"post","link":"http:\/\/informateesquina.com\/?p=38450","title":{"rendered":"Lanzan cr\u00e9ditos a tasa cero para monotributistas y aut\u00f3nomos"},"content":{"rendered":"<p class=\"copete\">El Gobierno incluye cr\u00e9ditos a tasa 0 para monotributistas y aut\u00f3nomos, un salario complementario abonado por el Estado, entre otros puntos importantes.<\/p>\n<div class=\"fotos-y-videos\">\n<p>&nbsp;<\/p>\n<div class=\"tab-content\">\n<div id=\"fotos\" class=\"tab-pane fade in active\" role=\"tabpanel\"><a class=\"fotos-desarrollo unlink\" title=\"Lanzan cr\u00e9ditos a tasa cero para monotributistas y aut\u00f3nomos\" href=\"https:\/\/www.radiosudamericana.com\/notix\/multimedia\/imagenes\/fotos\/2020-04-20\/433814.jpg\"><img decoding=\"async\" class=\"img-responsive lazyload center-block\" src=\"https:\/\/www.radiosudamericana.com\/notix\/multimedia\/imagenes\/fotos\/2020-04-20\/433814.jpg\" alt=\"foto: Lanzan cr\u00e9ditos a tasa cero para monotributistas y aut\u00f3nomos\" \/><\/a><\/div>\n<\/div>\n<\/div>\n<p>&nbsp;<\/p>\n<div class=\"cuerpo\">\n<p>En virtud de la profundizaci\u00f3n del impacto en la actividad econ\u00f3mica,\u00a0el Gobierno decidi\u00f3 ampliar los alcances del Programa de Asistencia de Emergencia al Trabajo y la Producci\u00f3n\u00a0(ATP) y en ese marco\u00a0lanz\u00f3 cr\u00e9ditos a tasa del 0% para monotributistas y aut\u00f3nomos, con un limite m\u00e1ximo de $150 mil.<\/p>\n<p>Seg\u00fan se supo en las \u00faltimas horas de este domingo,\u00a0se abrir\u00e1 una l\u00ednea de \u201ccr\u00e9ditos a tasa cero para personas adheridas al R\u00e9gimen Simplificado para Peque\u00f1os Contribuyentes y para trabajadoras y trabajadores aut\u00f3nomos en las condiciones\u201d con subsidio del 100% del costo financiero total.<\/p>\n<p>Adem\u00e1s,\u00a0se amplia el tiempo en el que las empresas pueden haber sido afectadas econ\u00f3micamente por el impacto del coronavirus.\u00a0El decreto anterior habla de \u201cSustancial reducci\u00f3n en sus ventas con posterioridad al 20 de marzo de 2020\u201d y la nueva norma en an\u00e1lisis remplazar\u00eda esa fecha por el 12 de marzo: o sea, 8 d\u00edas antes.<\/p>\n<p>As\u00ed, los alcanzados por el Programa de Asistencia de Emergencia al Trabajo y la Producci\u00f3n podr\u00edan acceder a los beneficios si cumplen uno o varios de los siguientes criterios:<\/p>\n<p>a. Actividades econ\u00f3micas afectadas en forma cr\u00edtica en las zonas geogr\u00e1ficas donde se desarrollan.<\/p>\n<p>b. Cantidad relevante de trabajadores y trabajadoras contagiadas por el COVID 19 o en aislamiento obligatorio o con dispensa laboral por estar en grupo de riesgo u obligaciones de cuidado familiar relacionadas al COVID 19.<\/p>\n<p>c. Sustancial reducci\u00f3n en sus ventas con posterioridad al 12 de marzo de 2020.<\/p>\n<h3><span style=\"color: #ff0000;\"><strong>As\u00ed, los beneficios en cuesti\u00f3n son:<\/strong><\/span><\/h3>\n<p>\u2013 Postergaci\u00f3n o reducci\u00f3n de hasta el 95% del pago de las contribuciones patronales al Sistema Integrado Previsional Argentino.<\/p>\n<p>\u2013 Salario Complementario: asignaci\u00f3n abonada por el Estado Nacional para los trabajadores y las trabajadoras en relaci\u00f3n de dependencia del sector privado.<\/p>\n<p>\u2013 Cr\u00e9dito a Tasa Cero para personas adheridas al R\u00e9gimen Simplificado para Peque\u00f1os Contribuyentes y para trabajadoras y trabajadores aut\u00f3nomos en las condiciones que establezcan la Jefatura de Gabinete y el BCRA, con subsidio del 100% del costo financiero total.<\/p>\n<p>\u2013 Sistema integral de prestaciones por desempleo: los trabajadores y las trabajadoras que re\u00fanan los requisitos previstos en las Leyes Nros. 24.013 y 25.371 acceder\u00e1n a una prestaci\u00f3n econ\u00f3mica por desempleo de d. acuerdo con lo previsto por el art\u00edculo 10 del presente decreto\u201d. Al respecto, se dispone que los trabajadores que reciban el beneficio accedan \u201ca \u201cuna prestaci\u00f3n econ\u00f3mica por desempleo de un m\u00ednimo de $ 6000 y hasta un m\u00e1ximo de $ 10.000\u201d.<\/p>\n<p><img loading=\"lazy\" decoding=\"async\" class=\"alignnone size-medium wp-image-38451\" src=\"https:\/\/informateesquina.com\/wp-content\/uploads\/2020\/04\/495189-300x169.jpg\" alt=\"\" width=\"300\" height=\"169\" \/><\/p>\n<p>El nuevo DNU simplifica las condiciones para las reducciones de hasta el 95% de las contribuciones patronales correspondientes a abril. En el decreto 332 este beneficio estaba disponible para empresas de hasta 60 empleados y establec\u00eda que las empresas con m\u00e1s de 60 empleados, para acceder al beneficio, deb\u00edan entrar en \u201cProcedimiento Preventivo de Crisis\u201d. La nueva formulaci\u00f3n dice en cambio que \u201cel beneficio de la reducci\u00f3n ser\u00e1 establecido por la Jefatura de Gabinete\u201d en funci\u00f3n nueva \u201cnormativa a dictarse\u201d.<\/p>\n<p>El art\u00edculo 4 del nuevo DNU, sobre el pago del 50% del salario neto del trabajador por parte de la Anses, establece como m\u00ednimo una suma equivalente a un salario m\u00ednimo y como tope la suma de dos salarios m\u00ednimos o el total del salario del trabajador registrado. La formulaci\u00f3n previa era mucho m\u00e1s farragosa, en funci\u00f3n de la cantidad de empleados de la empresa solicitante del beneficio y fijando porcentajes diferenciales en funci\u00f3n del salario del empleado.<\/p>\n<p>Otro art\u00edculo se refiere a los pr\u00e9stamos a tasa cero para personas adheridas al R\u00e9gimen Simplificado para Peque\u00f1os Contribuyentes y Aut\u00f3nomos a trav\u00e9s de financiaci\u00f3n directa a trav\u00e9s de la tarjeta de cr\u00e9dito del beneficiario, seg\u00fan normativa a establecer por el BCRA, con un tope del 25% del l\u00edmite superior de Ingresos Brutos en la categor\u00eda del R\u00e9gimen Simplificado y hasta un m\u00e1ximo de $ 150.000, a pagar en tres cuotas mensuales, iguales y consecutivas, a las que se agregar\u00e1 \u201cel monto equivalente al pago de las sumas totales que los trabajadores y las trabajadoras deben abonar por los per\u00edodos mensuales resultantes en concepto de impuesto integrado y cotizaciones previsionales\u201d.<\/p>\n<p>La norma tambi\u00e9n bonifica a trav\u00e9s del \u201cFondo Nacional de Desarrollo Productivo (FONDEP)\u201d el 100% de la tasa de inter\u00e9s y del costo financiero total que devenguen los Cr\u00e9ditos a Tasa Cero que se otorguen a personas adheridas al R\u00e9gimen Simplificado para Peque\u00f1os Contribuyentes y trabajadoras o trabajadores aut\u00f3nomos. Para cumplir esto, se transferir\u00edan al Fondep, que depende del ministerio de Desarrollo Productivo, $ 11.000 millones<\/p>\n<p>Tambi\u00e9n se fija que el Fondo de Garant\u00edas Argentina (FoGAR) avale hasta 100% los Cr\u00e9ditos a Tasa Cero para personas adheridas al R\u00e9gimen Simplificado para Peque\u00f1os Contribuyentes y trabajadoras o trabajadores aut\u00f3nomos, sin exigir contragarant\u00edas\u201d. Para financiar esta nueva facilidad, el gobierno transferir\u00e1 al Fogar la suma de $ 26.000 millones.<\/p>\n<h2><span style=\"color: #ff0000;\"><strong>M\u00e1s de 420.000 empleadores privados ya inscriptos<\/strong><\/span><\/h2>\n<p>En un comunicado, la AFIP remarc\u00f3 que \u201cfinalizado el proceso de inscripci\u00f3n y carga de informaci\u00f3n econ\u00f3mica, comenz\u00f3 la etapa de evaluaci\u00f3n para determinar cu\u00e1les son los beneficios estatales a los que podr\u00e1 acceder cada empresa\u201d.<\/p>\n<p><img loading=\"lazy\" decoding=\"async\" class=\"alignnone size-medium wp-image-38452\" src=\"https:\/\/informateesquina.com\/wp-content\/uploads\/2020\/04\/xmonotributo_emprendedores_jpg_1913337537_crop1547593504583_crop1555519151561_crop1555519274999.jpg_258117318.jpg.pagespeed.ic_.UbE0U0g6hA-300x169.jpg\" alt=\"\" width=\"300\" height=\"169\" \/><\/p>\n<p>M\u00e1s adelante, el organismo remarc\u00f3 que \u201clos empleadores que solicitaron asistencia estatal para pagar salarios representan al 82% del total de empresas privadas del pa\u00eds.<\/p>\n<p>La responsable de la AFIP, Mercedes Marc\u00f3 del Pont, sostuvo que \u201cel Estado argentino realizar\u00e1 un aporte significativo para garantizar el pago de los salarios del sector privado\u201d, al tiempo que a\u00f1adi\u00f3 que \u201cquienes solicitaron asistencia estatal son empleadores de todos los sectores, micro, peque\u00f1as, medianas y grandes empresas podr\u00e1n acceder a los beneficios\u201d.<\/p>\n<p>Marc\u00f3 del Pont destac\u00f3 que \u201c7 de cada 10 empleadores registrados ya accedieron a la pr\u00f3rroga por dos meses de las contribuciones patronales correspondientes a marzo que se pagan en abril. El esfuerzo realizado por el Estado al postergar el pago de las obligaciones ya benefici\u00f3 a 3,4 millones de trabajadores\u201d.<\/p>\n<\/div>\n","protected":false},"excerpt":{"rendered":"<p>El Gobierno incluye cr\u00e9ditos a tasa 0 para monotributistas y aut\u00f3nomos, un salario complementario abonado por el Estado, entre otros puntos importantes. &nbsp; &nbsp; En virtud de la profundizaci\u00f3n del impacto en la actividad econ\u00f3mica,\u00a0el Gobierno decidi\u00f3 ampliar los alcances del Programa de Asistencia de Emergencia al Trabajo y la Producci\u00f3n\u00a0(ATP) y en ese marco\u00a0lanz\u00f3 [&hellip;]<\/p>\n","protected":false},"author":1,"featured_media":38451,"comment_status":"closed","ping_status":"closed","sticky":false,"template":"","format":"standard","meta":{"footnotes":""},"categories":[7,11],"tags":[136],"class_list":["post-38450","post","type-post","status-publish","format-standard","has-post-thumbnail","hentry","category-nacionales","category-sociedad","tag-destacados"],"_links":{"self":[{"href":"http:\/\/informateesquina.com\/index.php?rest_route=\/wp\/v2\/posts\/38450","targetHints":{"allow":["GET"]}}],"collection":[{"href":"http:\/\/informateesquina.com\/index.php?rest_route=\/wp\/v2\/posts"}],"about":[{"href":"http:\/\/informateesquina.com\/index.php?rest_route=\/wp\/v2\/types\/post"}],"author":[{"embeddable":true,"href":"http:\/\/informateesquina.com\/index.php?rest_route=\/wp\/v2\/users\/1"}],"replies":[{"embeddable":true,"href":"http:\/\/informateesquina.com\/index.php?rest_route=%2Fwp%2Fv2%2Fcomments&post=38450"}],"version-history":[{"count":0,"href":"http:\/\/informateesquina.com\/index.php?rest_route=\/wp\/v2\/posts\/38450\/revisions"}],"wp:featuredmedia":[{"embeddable":true,"href":"http:\/\/informateesquina.com\/index.php?rest_route=\/"}],"wp:attachment":[{"href":"http:\/\/informateesquina.com\/index.php?rest_route=%2Fwp%2Fv2%2Fmedia&parent=38450"}],"wp:term":[{"taxonomy":"category","embeddable":true,"href":"http:\/\/informateesquina.com\/index.php?rest_route=%2Fwp%2Fv2%2Fcategories&post=38450"},{"taxonomy":"post_tag","embeddable":true,"href":"http:\/\/informateesquina.com\/index.php?rest_route=%2Fwp%2Fv2%2Ftags&post=38450"}],"curies":[{"name":"wp","href":"https:\/\/api.w.org\/{rel}","templated":true}]}}