{"id":38454,"date":"2020-04-20T21:27:41","date_gmt":"2020-04-21T00:27:41","guid":{"rendered":"https:\/\/informateesquina.com\/?p=38454"},"modified":"2020-04-20T21:27:41","modified_gmt":"2020-04-21T00:27:41","slug":"dos-efectivos-del-gto-oficiaron-de-poliparteros-en-una-camioneta","status":"publish","type":"post","link":"http:\/\/informateesquina.com\/?p=38454","title":{"rendered":"Dos efectivos del GTO oficiaron de &#8220;poliparteros&#8221; en una camioneta"},"content":{"rendered":"<audio class=\"wp-audio-shortcode\" id=\"audio-38454-1\" preload=\"none\" style=\"width: 100%;\" controls=\"controls\"><source type=\"audio\/mpeg\" src=\"https:\/\/informateesquina.com\/wp-content\/uploads\/2020\/04\/PA.mp3?_=1\" \/><a href=\"https:\/\/informateesquina.com\/wp-content\/uploads\/2020\/04\/PA.mp3\">https:\/\/informateesquina.com\/wp-content\/uploads\/2020\/04\/PA.mp3<\/a><\/audio>\n<p class=\"copete\">Una mujer dio a luz\u00a0una beba en la ma\u00f1ana del domingo, asistida por efectivos de la Divisi\u00f3n GTO dentro de un veh\u00edculo en el que se encontraba. Madre e hija fueron trasladadas a una cl\u00ednica privada y se encuentran en buen estado de salud.<\/p>\n<div class=\"acciones\"><\/div>\n<div class=\"fotos-y-videos\">\n<div class=\"tab-content\">\n<div id=\"fotos\" class=\"tab-pane fade in active\" role=\"tabpanel\"><a class=\"fotos-desarrollo unlink\" title=\"Dos efectivos del GTO oficiaron de poliparteros en una camioneta\" href=\"https:\/\/www.radiosudamericana.com\/notix\/multimedia\/imagenes\/fotos\/2020-04-20\/271433.jpg\"><img decoding=\"async\" class=\"img-responsive lazyload center-block\" src=\"https:\/\/www.radiosudamericana.com\/notix\/multimedia\/imagenes\/fotos\/2020-04-20\/271433.jpg\" alt=\"foto: Dos efectivos del GTO oficiaron de poliparteros en una camioneta\" \/><\/a><\/div>\n<\/div>\n<\/div>\n<p>&nbsp;<\/p>\n<div class=\"audios-desarrollo\">\n<div id=\"audio-1\"><\/div>\n<\/div>\n<div class=\"cuerpo\">\n<p>Dos polic\u00edas oficiaron de parteros y ayudaron a dar a luz a una mujer en el interior de una camioneta particular en la cual hab\u00eda sido llevada hasta la base del Grupo de Tareas Operacionales (GTO).<\/p>\n<p>Desde el Departamento de Relaciones Institucionales informaron que el hecho se produjo ayer alrededor de las 6,40. Todo comenz\u00f3 cuando un hombre mayor de edad, de apellido Canteros se present\u00f3 en la guarda de la mencionada Divisi\u00f3n, pidiendo ayuda para su hija de 28 a\u00f1os, que estaba con trabajo de parto y a la cual la trasladaba en su camioneta particular.<\/p>\n<p>Por tal motivo y con la premura del caso, los funcionarios policiales inmediatamente solicitaron una unidad de emergencia, pero los dolores fueron m\u00e1s intensos y la joven mujer comenz\u00f3 a dar a luz en la misma camioneta.<\/p>\n<p>Ante esta situaci\u00f3n, el oficial auxiliar Daniel Eduardo L\u00f3pez, juntamente con el sargento 1\u00b0 de Polic\u00eda Andr\u00e9s Boilini Moro, r\u00e1pidamente asistieron a la mujer,\u00a0 lo que permiti\u00f3 que minutos despu\u00e9s d\u00e9 a luz a una ni\u00f1a, para luego realizar el atado del cord\u00f3n umbilical (seg\u00fan los conocimientos b\u00e1sicos de parto adquiridos en la instituci\u00f3n) y dar abrigo a la reci\u00e9n nacida.<\/p>\n<p>Posteriormente, la mujer y la beba fueron trasladadas a una cl\u00ednica privada para la respectiva atenci\u00f3n m\u00e9dica. Horas m\u00e1s tarde se pudo conocer que la ni\u00f1a y su madre se encontraban en buen estado de salud.<\/p>\n<p>FUENTE RADIO SUDAMERICANA<\/p>\n<\/div>\n","protected":false},"excerpt":{"rendered":"<p>Una mujer dio a luz\u00a0una beba en la ma\u00f1ana del domingo, asistida por efectivos de la Divisi\u00f3n GTO dentro de un veh\u00edculo en el que se encontraba. Madre e hija fueron trasladadas a una cl\u00ednica privada y se encuentran en buen estado de salud. &nbsp; Dos polic\u00edas oficiaron de parteros y ayudaron a dar a [&hellip;]<\/p>\n","protected":false},"author":1,"featured_media":38455,"comment_status":"closed","ping_status":"closed","sticky":false,"template":"","format":"audio","meta":{"footnotes":""},"categories":[8],"tags":[136],"class_list":["post-38454","post","type-post","status-publish","format-audio","has-post-thumbnail","hentry","category-policiales","tag-destacados","post_format-post-format-audio"],"_links":{"self":[{"href":"http:\/\/informateesquina.com\/index.php?rest_route=\/wp\/v2\/posts\/38454","targetHints":{"allow":["GET"]}}],"collection":[{"href":"http:\/\/informateesquina.com\/index.php?rest_route=\/wp\/v2\/posts"}],"about":[{"href":"http:\/\/informateesquina.com\/index.php?rest_route=\/wp\/v2\/types\/post"}],"author":[{"embeddable":true,"href":"http:\/\/informateesquina.com\/index.php?rest_route=\/wp\/v2\/users\/1"}],"replies":[{"embeddable":true,"href":"http:\/\/informateesquina.com\/index.php?rest_route=%2Fwp%2Fv2%2Fcomments&post=38454"}],"version-history":[{"count":0,"href":"http:\/\/informateesquina.com\/index.php?rest_route=\/wp\/v2\/posts\/38454\/revisions"}],"wp:featuredmedia":[{"embeddable":true,"href":"http:\/\/informateesquina.com\/index.php?rest_route=\/"}],"wp:attachment":[{"href":"http:\/\/informateesquina.com\/index.php?rest_route=%2Fwp%2Fv2%2Fmedia&parent=38454"}],"wp:term":[{"taxonomy":"category","embeddable":true,"href":"http:\/\/informateesquina.com\/index.php?rest_route=%2Fwp%2Fv2%2Fcategories&post=38454"},{"taxonomy":"post_tag","embeddable":true,"href":"http:\/\/informateesquina.com\/index.php?rest_route=%2Fwp%2Fv2%2Ftags&post=38454"}],"curies":[{"name":"wp","href":"https:\/\/api.w.org\/{rel}","templated":true}]}}