{"id":38467,"date":"2020-04-21T10:48:35","date_gmt":"2020-04-21T13:48:35","guid":{"rendered":"https:\/\/informateesquina.com\/?p=38467"},"modified":"2020-04-21T10:48:35","modified_gmt":"2020-04-21T13:48:35","slug":"en-un-mes-de-cuarentena-hubo-mas-de-3-800-demorados-en-corrientes","status":"publish","type":"post","link":"http:\/\/informateesquina.com\/?p=38467","title":{"rendered":"En un mes de cuarentena, hubo m\u00e1s de 3.800 demorados en Corrientes"},"content":{"rendered":"<div class=\"col-md-12\">\n<h1><span style=\"color: #666666; font-family: Roboto, sans-serif; font-size: 15px;\">Los n\u00fameros corresponden a toda la Provincia de Corrientes, en base a datos relevados entre el 20 de marzo, cuando comenz\u00f3 la cuarentena y el 20 de abril, cuando se cumpli\u00f3 un mes. De los 3803 demorados, 2.225 son de la Capital y 151 fueron detenidos por tener causas judiciales en su contra.<\/span><\/h1>\n<div>\n<p>&nbsp;<\/p>\n<\/div>\n<div class=\"image_review_wrapper\">\n<div class=\"swiper-container swiper-container-horizontal swiper-container-android\">\n<div class=\"swiper-wrapper\">\n<div class=\"swiper-slide swiper-slide-active\"><a href=\"https:\/\/www.radiosudamericana.com\/notix\/multimedia\/imagenes\/fotos\/2020-04-21\/720368.jpg\"><img decoding=\"async\" class=\"img-responsive\" src=\"https:\/\/www.radiosudamericana.com\/notix\/multimedia\/imagenes\/fotos\/2020-04-21\/720368.jpg\" alt=\"Responsive image\" \/><\/a><\/div>\n<\/div>\n<\/div>\n<\/div>\n<\/div>\n<p>El informe policial entregado al cronista de Sudamericana indica que en un mes de aislamiento social, preventivo y obligatorio, se demor\u00f3 a 2.225 personas en la Capital de Corrientes y a 1578 en el interior, totalizando 3.803 personas.<\/p>\n<p>En este marco, tambi\u00e9n se secuestraron 370 veh\u00edculos automotores, 144 bicicletas y 629 motocicletas.<\/p>\n<p>De los demorados con causas, se labraron 300 contravenciones y 151 fueron detenidas con causas judiciales, desde el 20 de marzo al 20 de abril. Cabe recordar que el mayor n\u00famero de demorados en un d\u00eda se registr\u00f3 la semana pasada con 208 detenciones.<\/p>\n","protected":false},"excerpt":{"rendered":"<p>Los n\u00fameros corresponden a toda la Provincia de Corrientes, en base a datos relevados entre el 20 de marzo, cuando comenz\u00f3 la cuarentena y el 20 de abril, cuando se cumpli\u00f3 un mes. De los 3803 demorados, 2.225 son de la Capital y 151 fueron detenidos por tener causas judiciales en su contra. &nbsp; El [&hellip;]<\/p>\n","protected":false},"author":1,"featured_media":38468,"comment_status":"closed","ping_status":"closed","sticky":false,"template":"","format":"standard","meta":{"footnotes":""},"categories":[8,11],"tags":[],"class_list":["post-38467","post","type-post","status-publish","format-standard","has-post-thumbnail","hentry","category-policiales","category-sociedad"],"_links":{"self":[{"href":"http:\/\/informateesquina.com\/index.php?rest_route=\/wp\/v2\/posts\/38467","targetHints":{"allow":["GET"]}}],"collection":[{"href":"http:\/\/informateesquina.com\/index.php?rest_route=\/wp\/v2\/posts"}],"about":[{"href":"http:\/\/informateesquina.com\/index.php?rest_route=\/wp\/v2\/types\/post"}],"author":[{"embeddable":true,"href":"http:\/\/informateesquina.com\/index.php?rest_route=\/wp\/v2\/users\/1"}],"replies":[{"embeddable":true,"href":"http:\/\/informateesquina.com\/index.php?rest_route=%2Fwp%2Fv2%2Fcomments&post=38467"}],"version-history":[{"count":0,"href":"http:\/\/informateesquina.com\/index.php?rest_route=\/wp\/v2\/posts\/38467\/revisions"}],"wp:featuredmedia":[{"embeddable":true,"href":"http:\/\/informateesquina.com\/index.php?rest_route=\/"}],"wp:attachment":[{"href":"http:\/\/informateesquina.com\/index.php?rest_route=%2Fwp%2Fv2%2Fmedia&parent=38467"}],"wp:term":[{"taxonomy":"category","embeddable":true,"href":"http:\/\/informateesquina.com\/index.php?rest_route=%2Fwp%2Fv2%2Fcategories&post=38467"},{"taxonomy":"post_tag","embeddable":true,"href":"http:\/\/informateesquina.com\/index.php?rest_route=%2Fwp%2Fv2%2Ftags&post=38467"}],"curies":[{"name":"wp","href":"https:\/\/api.w.org\/{rel}","templated":true}]}}