{"id":38470,"date":"2020-04-21T10:58:52","date_gmt":"2020-04-21T13:58:52","guid":{"rendered":"https:\/\/informateesquina.com\/?p=38470"},"modified":"2020-04-21T10:58:52","modified_gmt":"2020-04-21T13:58:52","slug":"nacion-asegura-que-suspender-las-clases-todo-el-ano-no-es-un-escenario-posible","status":"publish","type":"post","link":"http:\/\/informateesquina.com\/?p=38470","title":{"rendered":"Naci\u00f3n asegura que &#8220;suspender las clases todo el a\u00f1o no es un escenario posible&#8221;"},"content":{"rendered":"<div class=\"news-amp-caption\">Nicol\u00e1s Trotta se refiri\u00f3 a como seguir\u00e1 la educaci\u00f3n en Argentina.<\/div>\n<div class=\"news-amp-attachment wide-aspect-ratio \">\n<div class=\"i-amphtml-slides-container i-amphtml-slidescroll-no-snap\" tabindex=\"-1\" aria-live=\"polite\">\n<div class=\"i-amphtml-slide-item i-amphtml-slide-item-show\"><img decoding=\"async\" class=\"i-amphtml-fill-content i-amphtml-replaced-content\" src=\"https:\/\/media-datachaco-com.cdn.ampproject.org\/i\/s\/media.datachaco.com\/adjuntos\/244\/imagenes\/001\/249\/0001249417.jpg\" sizes=\"(max-width: 320px) 310px, 310px\" srcset=\"https:\/\/media-datachaco-com.cdn.ampproject.org\/ii\/w820\/s\/media.datachaco.com\/adjuntos\/244\/imagenes\/001\/249\/0001249417.jpg 820w, https:\/\/media-datachaco-com.cdn.ampproject.org\/ii\/w1200\/s\/media.datachaco.com\/adjuntos\/244\/imagenes\/001\/249\/0001249417.jpg 1200w\" \/><\/div>\n<\/div>\n<div class=\"amp-carousel-button amp-carousel-button-prev amp-disabled\" tabindex=\"0\" title=\"Previous item in carousel (1 of 1)\" role=\"button\" aria-disabled=\"true\"><\/div>\n<div class=\"amp-carousel-button amp-carousel-button-next amp-disabled\" tabindex=\"0\" title=\"Next item in carousel (1 of 1)\" role=\"button\" aria-disabled=\"true\">En las \u00faltimas horas, los ministros de Educaci\u00f3n\u00a0de Paraguay y Per\u00fa patearon el tablero y afirmaron que las clases, en sus pa\u00edses, no volver\u00edan hasta 2021. Fueron los primeros funcionarios de la regi\u00f3n en adelantar una medida tan concluyente con el objetivo de frenar el avance del\u00a0coronavirus.<\/div>\n<\/div>\n<div class=\"news-amp-body\">\n<p>Adem\u00e1s, agregaron que impulsar\u00e1n propuestas de ense\u00f1anza a distancia para que los alumnos no pierdan el a\u00f1o.<\/p>\n<p>El fin de semana, el ministro paraguayo Andr\u00e9s Petta fue el primero en pronunciarse:\u00a0<em>\u201cLa educaci\u00f3n ya no puede prorrogar la suspensi\u00f3n semana a semana. Vamos a publicar un decreto que diga que este a\u00f1o no va a haber clases presenciales y que se siga con las clases virtuales. Yo creo que en 2020 no va a haber regreso a las aulas. Si hacemos volver a los chicos en diciembre y no hay vacuna, colapsamos los hospitales\u201d<\/em>, advirti\u00f3.<\/p>\n<p>Horas m\u00e1s tarde se sum\u00f3 su par peruano, Mart\u00edn Benavides:\u00a0<em>\u201cLo mejor es prepararse para que todo el a\u00f1o sea un a\u00f1o de educaci\u00f3n no presencial. Es una situaci\u00f3n dif\u00edcil para todos, pero tenemos que valorarla porque est\u00e1 poniendo los temas de seguridad y solidaridad en el centro del aprendizaje\u201d<\/em>.<\/p>\n<p>Las medidas generaron inquietud ante un posible efecto cascada en otros pa\u00edses de la regi\u00f3n. Sin embargo, seg\u00fan publica\u00a0<em>Infobae<\/em>, el ministro de Educaci\u00f3n Nacional Nicol\u00e1s Trotta descart\u00f3 que est\u00e9 en an\u00e1lisis esa posibilidad en la Argentina.<em><strong>\u00a0\u201cNo es un escenario posible que no vuelvan las clases este a\u00f1o. Todo hace suponer que vamos a poder regresar f\u00edsicamente a las escuelas\u201d<\/strong><\/em>, remarc\u00f3.<\/p>\n<p>En esa l\u00ednea remarc\u00f3 que &#8220;no hay una fecha definida todav\u00eda. Tenemos una incertidumbre en los plazos. Pero no solo nosotros: cuando uno ve pa\u00edses del hemisferio norte que sufrieron la pandemia con antelaci\u00f3n tampoco saben cu\u00e1ndo volver\u00e1n a las aulas&#8221;.<\/p>\n<p>&#8220;Hay dos componentes que tendremos en cuenta a la hora de definir. Uno es el epidemiol\u00f3gico: que el nivel de contagio y la circulaci\u00f3n del virus est\u00e9n controlados y no lleve a que se acelere la curva. La otra es, que al momento de regresar, haya tranquilidad en las familias, estudiantes y\u00a0docentes&#8221;, sostuvo Trotta.<\/p>\n<\/div>\n","protected":false},"excerpt":{"rendered":"<p>Nicol\u00e1s Trotta se refiri\u00f3 a como seguir\u00e1 la educaci\u00f3n en Argentina. En las \u00faltimas horas, los ministros de Educaci\u00f3n\u00a0de Paraguay y Per\u00fa patearon el tablero y afirmaron que las clases, en sus pa\u00edses, no volver\u00edan hasta 2021. Fueron los primeros funcionarios de la regi\u00f3n en adelantar una medida tan concluyente con el objetivo de frenar [&hellip;]<\/p>\n","protected":false},"author":1,"featured_media":38471,"comment_status":"closed","ping_status":"closed","sticky":false,"template":"","format":"standard","meta":{"footnotes":""},"categories":[7,11],"tags":[],"class_list":["post-38470","post","type-post","status-publish","format-standard","has-post-thumbnail","hentry","category-nacionales","category-sociedad"],"_links":{"self":[{"href":"http:\/\/informateesquina.com\/index.php?rest_route=\/wp\/v2\/posts\/38470","targetHints":{"allow":["GET"]}}],"collection":[{"href":"http:\/\/informateesquina.com\/index.php?rest_route=\/wp\/v2\/posts"}],"about":[{"href":"http:\/\/informateesquina.com\/index.php?rest_route=\/wp\/v2\/types\/post"}],"author":[{"embeddable":true,"href":"http:\/\/informateesquina.com\/index.php?rest_route=\/wp\/v2\/users\/1"}],"replies":[{"embeddable":true,"href":"http:\/\/informateesquina.com\/index.php?rest_route=%2Fwp%2Fv2%2Fcomments&post=38470"}],"version-history":[{"count":0,"href":"http:\/\/informateesquina.com\/index.php?rest_route=\/wp\/v2\/posts\/38470\/revisions"}],"wp:featuredmedia":[{"embeddable":true,"href":"http:\/\/informateesquina.com\/index.php?rest_route=\/"}],"wp:attachment":[{"href":"http:\/\/informateesquina.com\/index.php?rest_route=%2Fwp%2Fv2%2Fmedia&parent=38470"}],"wp:term":[{"taxonomy":"category","embeddable":true,"href":"http:\/\/informateesquina.com\/index.php?rest_route=%2Fwp%2Fv2%2Fcategories&post=38470"},{"taxonomy":"post_tag","embeddable":true,"href":"http:\/\/informateesquina.com\/index.php?rest_route=%2Fwp%2Fv2%2Ftags&post=38470"}],"curies":[{"name":"wp","href":"https:\/\/api.w.org\/{rel}","templated":true}]}}