{"id":38473,"date":"2020-04-21T11:13:00","date_gmt":"2020-04-21T14:13:00","guid":{"rendered":"https:\/\/informateesquina.com\/?p=38473"},"modified":"2020-04-21T11:13:00","modified_gmt":"2020-04-21T14:13:00","slug":"van-a-extender-la-cuarentena-nuevamente","status":"publish","type":"post","link":"http:\/\/informateesquina.com\/?p=38473","title":{"rendered":"\u00bfVan a extender la cuarentena nuevamente?"},"content":{"rendered":"<article class=\"article-body first\">\n<div class=\"article-content\">\n<div class=\"cuerpo\" data-twitter-link=\"\">\n<p>A d\u00edas de que finalice la segunda etapa de la cuarentena, el Gobierno estudia\u00a0<strong>c\u00f3mo administrar\u00e1 la continuidad del distanciamiento social<\/strong>\u00a0obligatorio, mientras busca un equilibrio que permita a distintos sectores de la econom\u00eda volver paulatinamente a la actividad.<\/p>\n<\/div>\n<\/div>\n<\/article>\n<div><ins class=\"adsbygoogle\" data-ad-layout=\"in-article\" data-ad-format=\"fluid\" data-ad-client=\"ca-pub-3253653980802987\" data-ad-slot=\"8372717107\" data-adsbygoogle-status=\"done\" data-overlap-observer-io=\"false\"><ins id=\"aswift_1_expand\"><ins id=\"aswift_1_anchor\"><iframe loading=\"lazy\" id=\"aswift_1\" src=\"https:\/\/googleads.g.doubleclick.net\/pagead\/ads?client=ca-pub-3253653980802987&amp;output=html&amp;h=334&amp;slotname=8372717107&amp;adk=352194401&amp;adf=3934930065&amp;w=320&amp;lmt=1587478108&amp;rafmt=11&amp;psa=1&amp;guci=2.2.0.0.2.2.0.0&amp;format=320x334&amp;url=https%3A%2F%2Fm.datachaco.com%2Fel-gobierno-estudia-volver-extender-la-cuarentena-n143726&amp;flash=0&amp;fwr=1&amp;wgl=1&amp;adsid=ChEI8LP69AUQv7iJ99yt44bmARJFAKf3j1QgJ1wZ_NMj6g8-wztsK_gv1Zs0a2w5KhlYe9q9piiI-ZXN1PX0NKbZQlKK91xfB71nQWuGXkuNachbKkSdntaf&amp;dt=1587478107580&amp;bpp=30&amp;bdt=772&amp;idt=1158&amp;shv=r20200416&amp;cbv=r20190131&amp;ptt=9&amp;saldr=aa&amp;abxe=1&amp;cookie=ID%3Db248171baddc3109%3AT%3D1585231308%3AS%3DALNI_MbzxYYILdINxx93a5rsCJlC_uZWSA&amp;crv=1&amp;prev_fmts=320x266&amp;correlator=2383730072936&amp;frm=20&amp;pv=1&amp;ga_vid=1035952801.1585231307&amp;ga_sid=1587478109&amp;ga_hid=1715758042&amp;ga_fc=0&amp;iag=0&amp;icsg=281474775384063&amp;dssz=78&amp;mdo=0&amp;mso=0&amp;rplot=4&amp;u_tz=-180&amp;u_his=4&amp;u_java=0&amp;u_h=640&amp;u_w=320&amp;u_ah=640&amp;u_aw=320&amp;u_cd=24&amp;u_nplug=0&amp;u_nmime=0&amp;adx=0&amp;ady=1107&amp;biw=320&amp;bih=512&amp;scr_x=0&amp;scr_y=0&amp;eid=21065472%2C21065474%2C21065531%2C44717539&amp;oid=3&amp;pvsid=3129937406232522&amp;pem=7&amp;ref=https%3A%2F%2Fm.datachaco.com%2F&amp;rx=0&amp;eae=0&amp;fc=900&amp;brdim=0%2C0%2C0%2C0%2C320%2C0%2C320%2C512%2C320%2C512&amp;vis=1&amp;rsz=o%7C%7CeEbr%7C&amp;abl=CS&amp;pfx=0&amp;fu=8336&amp;bc=31&amp;jar=2020-04-21-14&amp;ifi=2&amp;uci=a!2&amp;btvi=1&amp;fsb=1&amp;xpc=qI0610EJKW&amp;p=https%3A\/\/m.datachaco.com&amp;dtd=1192\" name=\"aswift_1\" width=\"320\" height=\"334\" frameborder=\"0\" marginwidth=\"0\" marginheight=\"0\" scrolling=\"no\" sandbox=\"allow-forms allow-pointer-lock allow-popups allow-popups-to-escape-sandbox allow-same-origin allow-scripts allow-top-navigation-by-user-activation\" allowfullscreen=\"allowfullscreen\" data-google-container-id=\"a!2\" data-google-query-id=\"CIbszObY-egCFTMUiwodCr4IBw\" data-load-complete=\"true\" data-mce-fragment=\"1\"><\/iframe><\/ins><\/ins><\/ins><\/div>\n<div><\/div>\n<article class=\"article-body\">\n<div class=\"article-content\">\n<div class=\"cuerpo\" data-twitter-link=\"\">\n<p><span id=\"saysCMSEmphasisjcduf01cdcd\" class=\"saysCMSEmphasis\">El modo &#8220;cuarentena administrada&#8221; gan\u00f3 peso en los \u00faltimos d\u00edas y, con la ampliaci\u00f3n de las actividades permitidas, se perfila para ser un esquema que perdure m\u00e1s all\u00e1 del 26 de abril.<\/span><\/p>\n<p>Este lunes el ministro de Salud,\u00a0Gin\u00e9s Gonz\u00e1lez Garc\u00eda\u00a0consider\u00f3 que el resultado general del distanciamiento social &#8220;fue bueno&#8221;.<\/p>\n<p>En ese sentido, el Gobierno busca hacer un equilibrio entre los\u00a0<strong>dos frentes<\/strong>\u00a0que implica la pandemia:\u00a0<strong>el<\/strong>\u00a0<strong>sanitario y el econ\u00f3mico<\/strong>. Aunque el Poder Ejecutivo siempre aclar\u00f3 que &#8220;la prioridad es la salud&#8221;, tambi\u00e9n quiere evitar que la extensi\u00f3n de la cuarentena tenga un impacto pronunciado y prolongado en la\u00a0<strong>actividad econ\u00f3mica<\/strong>.<\/p>\n<p>El paquete de medidas que implement\u00f3 el Gobierno desde mediados de marzo tiene un costo fiscal de $850.000 millones, un equivalente al 3% del Producto Bruto Interno (PBI), inform\u00f3 este lunes el ministro de Desarrollo Social, Mat\u00edas\u00a0Kulfas.<\/p>\n<p>El equipo econ\u00f3mico tuvo que modificar sus planes sobre la marcha, ya que en primer lugar dise\u00f1\u00f3 un programa de medidas para una cuarentena pensada para 10 d\u00edas y que se pod\u00eda extender hasta 20 o 25, pero que ya super\u00f3 el mes y que se extender\u00e1 incluso m\u00e1s tiempo, seg\u00fan lo determine el Ministerio de Salud, explic\u00f3 el jefe de la cartera productiva.<\/p>\n<p>En ese frente econ\u00f3mico el Gobierno busc\u00f3 una serie de medidas que apuntan a reforzar los ingresos de sectores que se vieron afectados directamente por una ca\u00edda en la actividad, y por otro asistencia financiera a empresas para que puedan pagar los salarios<\/p>\n<\/div>\n<\/div>\n<\/article>\n","protected":false},"excerpt":{"rendered":"<p>A d\u00edas de que finalice la segunda etapa de la cuarentena, el Gobierno estudia\u00a0c\u00f3mo administrar\u00e1 la continuidad del distanciamiento social\u00a0obligatorio, mientras busca un equilibrio que permita a distintos sectores de la econom\u00eda volver paulatinamente a la actividad. El modo &#8220;cuarentena administrada&#8221; gan\u00f3 peso en los \u00faltimos d\u00edas y, con la ampliaci\u00f3n de las actividades permitidas, [&hellip;]<\/p>\n","protected":false},"author":1,"featured_media":38475,"comment_status":"closed","ping_status":"closed","sticky":false,"template":"","format":"standard","meta":{"footnotes":""},"categories":[10,11],"tags":[],"class_list":["post-38473","post","type-post","status-publish","format-standard","has-post-thumbnail","hentry","category-provinciales","category-sociedad"],"_links":{"self":[{"href":"http:\/\/informateesquina.com\/index.php?rest_route=\/wp\/v2\/posts\/38473","targetHints":{"allow":["GET"]}}],"collection":[{"href":"http:\/\/informateesquina.com\/index.php?rest_route=\/wp\/v2\/posts"}],"about":[{"href":"http:\/\/informateesquina.com\/index.php?rest_route=\/wp\/v2\/types\/post"}],"author":[{"embeddable":true,"href":"http:\/\/informateesquina.com\/index.php?rest_route=\/wp\/v2\/users\/1"}],"replies":[{"embeddable":true,"href":"http:\/\/informateesquina.com\/index.php?rest_route=%2Fwp%2Fv2%2Fcomments&post=38473"}],"version-history":[{"count":0,"href":"http:\/\/informateesquina.com\/index.php?rest_route=\/wp\/v2\/posts\/38473\/revisions"}],"wp:featuredmedia":[{"embeddable":true,"href":"http:\/\/informateesquina.com\/index.php?rest_route=\/"}],"wp:attachment":[{"href":"http:\/\/informateesquina.com\/index.php?rest_route=%2Fwp%2Fv2%2Fmedia&parent=38473"}],"wp:term":[{"taxonomy":"category","embeddable":true,"href":"http:\/\/informateesquina.com\/index.php?rest_route=%2Fwp%2Fv2%2Fcategories&post=38473"},{"taxonomy":"post_tag","embeddable":true,"href":"http:\/\/informateesquina.com\/index.php?rest_route=%2Fwp%2Fv2%2Ftags&post=38473"}],"curies":[{"name":"wp","href":"https:\/\/api.w.org\/{rel}","templated":true}]}}