{"id":38477,"date":"2020-04-21T13:33:50","date_gmt":"2020-04-21T16:33:50","guid":{"rendered":"https:\/\/informateesquina.com\/?p=38477"},"modified":"2020-04-21T13:33:50","modified_gmt":"2020-04-21T16:33:50","slug":"salud-publica-desmiente-versiones-sobre-haber-vulnerado-las-medidas-de-aislamiento","status":"publish","type":"post","link":"http:\/\/informateesquina.com\/?p=38477","title":{"rendered":"Salud P\u00fablica desmiente versiones sobre haber vulnerado las medidas de aislamiento"},"content":{"rendered":"<p>Ante trascendidos en medios de la ciudad de Esquina -y a fin de desalentar maliciosas y ego\u00edstas intenciones de alg\u00fan sector- el Ministerio de Salud P\u00fablica\u00a0comunica que en ning\u00fan momento se dio orden alguna que trasgreda la normativa de aislamiento preventivo y obligatorio dictada en orden nacional como provincial.<\/p>\n<p>Cabe resaltar que desde el Comit\u00e9 de Crisis, dependiente de esta cartera, se ha instruido espec\u00edficamente a las autoridades sanitarias de toda la provincia para la resoluci\u00f3n de cada situaci\u00f3n en base al cumplimiento de las normas vigentes, en el marco de la emergencia por Coronavirus.<\/p>\n<p>El Comit\u00e9 de Crisis viene elaborando estrategias basadas principalmente en la prevenci\u00f3n, lo que ha motivado distintas medidas desde el inicio de la declaraci\u00f3n de la pandemia a nivel mundial.<\/p>\n<p>Entre una de las disposiciones emitidas desde el Ministerio, con fecha 16 de abril del 2020, se comunic\u00f3 a los municipios y directores de hospitales la circular del Comit\u00e9 de Crisis N.\u00ba19, por la que se fijan pautas y procedimientos ante la situaci\u00f3n de Covid-19, en los casos de personas provenientes de provincias declaradas de transmisi\u00f3n local.<\/p>\n<p>&nbsp;<\/p>\n","protected":false},"excerpt":{"rendered":"<p>Ante trascendidos en medios de la ciudad de Esquina -y a fin de desalentar maliciosas y ego\u00edstas intenciones de alg\u00fan sector- el Ministerio de Salud P\u00fablica\u00a0comunica que en ning\u00fan momento se dio orden alguna que trasgreda la normativa de aislamiento preventivo y obligatorio dictada en orden nacional como provincial. Cabe resaltar que desde el Comit\u00e9 [&hellip;]<\/p>\n","protected":false},"author":1,"featured_media":37765,"comment_status":"closed","ping_status":"closed","sticky":false,"template":"","format":"standard","meta":{"footnotes":""},"categories":[10],"tags":[],"class_list":["post-38477","post","type-post","status-publish","format-standard","has-post-thumbnail","hentry","category-provinciales"],"_links":{"self":[{"href":"http:\/\/informateesquina.com\/index.php?rest_route=\/wp\/v2\/posts\/38477","targetHints":{"allow":["GET"]}}],"collection":[{"href":"http:\/\/informateesquina.com\/index.php?rest_route=\/wp\/v2\/posts"}],"about":[{"href":"http:\/\/informateesquina.com\/index.php?rest_route=\/wp\/v2\/types\/post"}],"author":[{"embeddable":true,"href":"http:\/\/informateesquina.com\/index.php?rest_route=\/wp\/v2\/users\/1"}],"replies":[{"embeddable":true,"href":"http:\/\/informateesquina.com\/index.php?rest_route=%2Fwp%2Fv2%2Fcomments&post=38477"}],"version-history":[{"count":0,"href":"http:\/\/informateesquina.com\/index.php?rest_route=\/wp\/v2\/posts\/38477\/revisions"}],"wp:featuredmedia":[{"embeddable":true,"href":"http:\/\/informateesquina.com\/index.php?rest_route=\/"}],"wp:attachment":[{"href":"http:\/\/informateesquina.com\/index.php?rest_route=%2Fwp%2Fv2%2Fmedia&parent=38477"}],"wp:term":[{"taxonomy":"category","embeddable":true,"href":"http:\/\/informateesquina.com\/index.php?rest_route=%2Fwp%2Fv2%2Fcategories&post=38477"},{"taxonomy":"post_tag","embeddable":true,"href":"http:\/\/informateesquina.com\/index.php?rest_route=%2Fwp%2Fv2%2Ftags&post=38477"}],"curies":[{"name":"wp","href":"https:\/\/api.w.org\/{rel}","templated":true}]}}