{"id":38482,"date":"2020-04-21T17:21:32","date_gmt":"2020-04-21T20:21:32","guid":{"rendered":"https:\/\/informateesquina.com\/?p=38482"},"modified":"2020-04-21T17:21:32","modified_gmt":"2020-04-21T20:21:32","slug":"motin-en-la-carcel-de-corrientes-hay-varios-heridos-y-un-muerto","status":"publish","type":"post","link":"http:\/\/informateesquina.com\/?p=38482","title":{"rendered":"Mot\u00edn en la c\u00e1rcel de Corrientes: hay varios heridos\u00a0y un muerto"},"content":{"rendered":"<article id=\"item\">\n<p style=\"text-align: center;\"><strong>De los 11 heridos, dos de ellos son efectivos policiales. En el penal estuvo presente el ministro de Seguridad de la provincia, Juan Jos\u00e9 L\u00f3pez Desimoni.<\/strong><\/p>\n<p>&nbsp;<\/p>\n<div class=\"fotos-y-videos\">\n<div class=\"tab-content\">\n<div id=\"fotos\" class=\"tab-pane fade in active\" role=\"tabpanel\"><img decoding=\"async\" src=\"https:\/\/i1.wp.com\/www.sinmordaza.com\/wp-content\/uploads\/2020\/04\/SM-Motin-Corrientes-210420.jpg?resize=696%2C418&amp;ssl=1\" \/><\/div>\n<\/div>\n<\/div>\n<\/article>\n<div role=\"tabpanel\"><\/div>\n<div role=\"tabpanel\">\n<p><strong>Un preso muri\u00f3 durante un mot\u00edn<\/strong>\u00a0organizado hoy en una c\u00e1rcel del centro de la ciudad de\u00a0<strong>Corrientes<\/strong>. Adem\u00e1s,\u00a0<strong>diez personas resultaron heridas<\/strong>, dos de ellas son agentes penitenciarios.<\/p>\n<div id=\"hybs-mslot-2642-3\" class=\"hybs-mslot\">\n<p>El mot\u00edn comenz\u00f3 durante la ma\u00f1ana en la\u00a0<strong>Unidad Penal 1<\/strong>, ubicada en el radio c\u00e9ntrico de\u00a0<strong>Corrientes<\/strong>. Seg\u00fan trascendi\u00f3,\u00a0<strong>el incidente ya fue controlado<\/strong>. Se hizo presente el ministro de Seguridad de la provincia,<strong>\u00a0Juan Jos\u00e9 L\u00f3pez Desimoni<\/strong>, como tambi\u00e9n una comisi\u00f3n del Comit\u00e9 contra la Tortura, integrada por la dirigente de Derechos Humanos\u00a0<strong>Hilda Presman<\/strong>\u00a0y los abogados\u00a0<strong>Jorge Isetta<\/strong>\u00a0y\u00a0<strong>Sergio Almir\u00f3n<\/strong>.<\/p>\n<p>&nbsp;<\/p>\n<\/div>\n<\/div>\n<article><main class=\"wrapper\"><\/p>\n<section class=\"body\">\n<figure class=\"highlight\"><img loading=\"lazy\" decoding=\"async\" class=\"pic\" src=\"https:\/\/www.radiodos.com.ar\/content\/bucket\/2\/76962w940h540c.jpg\" alt=\"\" width=\"940\" height=\"540\" \/><\/figure>\n<section class=\"content\">\n<div class=\"bar floatFix\">\n<div class=\"share\">\n<div id=\"hybs-mslot-2642-3\" class=\"hybs-mslot\">\n<p>&nbsp;<\/p>\n<div id=\"hybs-mslot-2642-3\" class=\"hybs-mslot\">\n<p>El jefe de la Polic\u00eda de Corrientes,\u00a0<strong>F\u00e9lix Barboza<\/strong>, cont\u00f3 a un medio correntino (<em>El Litoral<\/em>) que se hicieron presentes en el lugar las fuerzas de grupos especiales compuestas por la\u00a0<strong>Polic\u00eda de Alto Riesgo<\/strong>\u00a0(PAR), el\u00a0<strong>Grupo de Tareas Operacionales<\/strong>\u00a0(GTO) y los\u00a0<strong>Bomberos<\/strong>. \u201cEstamos realizando un acompa\u00f1amiento, porque el que est\u00e1 a cargo es el jefe de la penitenciaria\u201d, indic\u00f3.<\/p>\n<p><strong>Los ocho internos heridos fueron trasladados al Hospital Escuela<\/strong>. Por su parte, uno de los agentes fue dado de alta y el otro fue intervenido quir\u00fargicamente por heridas en un brazo. La situaci\u00f3n comenz\u00f3 luego de que\u00a0<strong>personal de guardia frenara el intento de un grupo de detenidos<\/strong>\u00a0de escalar un muro.<\/p>\n<p><img loading=\"lazy\" decoding=\"async\" class=\"alignnone size-medium wp-image-38495\" src=\"https:\/\/informateesquina.com\/wp-content\/uploads\/2020\/04\/ewkj-tjwoaab450-300x200.jpg\" alt=\"\" width=\"300\" height=\"200\" \/><\/p>\n<h5><strong>Presos reclaman excarcelaciones en la Unidad 10 de Melchor Romero<\/strong><\/h5>\n<p>Hace unas horas, en la\u00a0<strong>Unidad 10 de Melchor Romero, La Plata<\/strong>, presos all\u00ed alojados realizaron un mot\u00edn para reclamar\u00a0<strong>ser excarcelados tras las suspensiones de las salidas transitorias<\/strong>, motivadas por las restricciones durante el aislamiento para prevenir el avance de la\u00a0<strong>pandemia del coronavirus<\/strong>.<\/p>\n<p>Seg\u00fan fuentes oficiales,\u00a0<strong>la situaci\u00f3n qued\u00f3 controlada sin que se tuviera que lamentar heridos<\/strong>\u00a0y ahora los presos preparan un petitorio con reclamos judiciales con eje en que se otorguen\u00a0<strong>prisiones domiciliarias y excarcelaciones<\/strong>.<\/p>\n<div style=\"width: 720px;\" class=\"wp-video\"><video class=\"wp-video-shortcode\" id=\"video-38482-1\" width=\"720\" height=\"480\" preload=\"metadata\" controls=\"controls\"><source type=\"video\/mp4\" src=\"https:\/\/informateesquina.com\/wp-content\/uploads\/2020\/04\/2020042188985038.mp4?_=1\" \/><a href=\"https:\/\/informateesquina.com\/wp-content\/uploads\/2020\/04\/2020042188985038.mp4\">https:\/\/informateesquina.com\/wp-content\/uploads\/2020\/04\/2020042188985038.mp4<\/a><\/video><\/div>\n<p>&nbsp;<\/p>\n<div style=\"width: 848px;\" class=\"wp-video\"><video class=\"wp-video-shortcode\" id=\"video-38482-2\" width=\"848\" height=\"480\" preload=\"metadata\" controls=\"controls\"><source type=\"video\/mp4\" src=\"https:\/\/informateesquina.com\/wp-content\/uploads\/2020\/04\/presos-al-piso-1.mp4?_=2\" \/><a href=\"https:\/\/informateesquina.com\/wp-content\/uploads\/2020\/04\/presos-al-piso-1.mp4\">https:\/\/informateesquina.com\/wp-content\/uploads\/2020\/04\/presos-al-piso-1.mp4<\/a><\/video><\/div>\n<\/div>\n<p>&nbsp;<\/p>\n<\/div>\n<\/div>\n<\/div>\n<\/section>\n<\/section>\n<div style=\"width: 640px;\" class=\"wp-video\"><video class=\"wp-video-shortcode\" id=\"video-38482-3\" width=\"640\" height=\"362\" preload=\"metadata\" controls=\"controls\"><source type=\"video\/mp4\" src=\"https:\/\/informateesquina.com\/wp-content\/uploads\/2020\/04\/CORRIENTDO.mp4?_=3\" \/><a href=\"https:\/\/informateesquina.com\/wp-content\/uploads\/2020\/04\/CORRIENTDO.mp4\">https:\/\/informateesquina.com\/wp-content\/uploads\/2020\/04\/CORRIENTDO.mp4<\/a><\/video><\/div>\n<p>&nbsp;<\/p>\n<p>&nbsp;<\/p>\n<p>&nbsp;<\/p>\n<p><\/main><\/article>\n","protected":false},"excerpt":{"rendered":"<p>De los 11 heridos, dos de ellos son efectivos policiales. En el penal estuvo presente el ministro de Seguridad de la provincia, Juan Jos\u00e9 L\u00f3pez Desimoni. &nbsp; Un preso muri\u00f3 durante un mot\u00edn\u00a0organizado hoy en una c\u00e1rcel del centro de la ciudad de\u00a0Corrientes. Adem\u00e1s,\u00a0diez personas resultaron heridas, dos de ellas son agentes penitenciarios. El mot\u00edn [&hellip;]<\/p>\n","protected":false},"author":1,"featured_media":38483,"comment_status":"closed","ping_status":"closed","sticky":false,"template":"","format":"video","meta":{"footnotes":""},"categories":[8,10],"tags":[136],"class_list":["post-38482","post","type-post","status-publish","format-video","has-post-thumbnail","hentry","category-policiales","category-provinciales","tag-destacados","post_format-post-format-video"],"_links":{"self":[{"href":"http:\/\/informateesquina.com\/index.php?rest_route=\/wp\/v2\/posts\/38482","targetHints":{"allow":["GET"]}}],"collection":[{"href":"http:\/\/informateesquina.com\/index.php?rest_route=\/wp\/v2\/posts"}],"about":[{"href":"http:\/\/informateesquina.com\/index.php?rest_route=\/wp\/v2\/types\/post"}],"author":[{"embeddable":true,"href":"http:\/\/informateesquina.com\/index.php?rest_route=\/wp\/v2\/users\/1"}],"replies":[{"embeddable":true,"href":"http:\/\/informateesquina.com\/index.php?rest_route=%2Fwp%2Fv2%2Fcomments&post=38482"}],"version-history":[{"count":0,"href":"http:\/\/informateesquina.com\/index.php?rest_route=\/wp\/v2\/posts\/38482\/revisions"}],"wp:featuredmedia":[{"embeddable":true,"href":"http:\/\/informateesquina.com\/index.php?rest_route=\/"}],"wp:attachment":[{"href":"http:\/\/informateesquina.com\/index.php?rest_route=%2Fwp%2Fv2%2Fmedia&parent=38482"}],"wp:term":[{"taxonomy":"category","embeddable":true,"href":"http:\/\/informateesquina.com\/index.php?rest_route=%2Fwp%2Fv2%2Fcategories&post=38482"},{"taxonomy":"post_tag","embeddable":true,"href":"http:\/\/informateesquina.com\/index.php?rest_route=%2Fwp%2Fv2%2Ftags&post=38482"}],"curies":[{"name":"wp","href":"https:\/\/api.w.org\/{rel}","templated":true}]}}