{"id":38491,"date":"2020-04-21T19:49:15","date_gmt":"2020-04-21T22:49:15","guid":{"rendered":"https:\/\/informateesquina.com\/?p=38491"},"modified":"2020-04-21T19:49:15","modified_gmt":"2020-04-21T22:49:15","slug":"el-pabellon-de-los-violadores-es-uno-de-los-involucrados-en-el-motin","status":"publish","type":"post","link":"http:\/\/informateesquina.com\/?p=38491","title":{"rendered":"El pabell\u00f3n de los violadores es uno de los involucrados en el mot\u00edn"},"content":{"rendered":"<p class=\"copete\">Luis Bravo, subsecretario de seguridad, encargado de la Unidad Penal N\u00ba 1 habl\u00f3 con Radio Sudamericana y cont\u00f3 detalles de lo que fue el mot\u00edn que se desat\u00f3 en horas de la siesta.<\/p>\n<div class=\"fotos-y-videos\">\n<p>&nbsp;<\/p>\n<div class=\"tab-content\">\n<div id=\"fotos\" class=\"tab-pane fade in active\" role=\"tabpanel\"><a class=\"fotos-desarrollo unlink\" title=\"El pabell\u00f3n de los violadores es uno de los involucrados en el mot\u00edn\" href=\"https:\/\/www.radiosudamericana.com\/notix\/multimedia\/imagenes\/fotos\/2020-04-21\/878867.jpg\"><img decoding=\"async\" class=\"img-responsive lazyload center-block\" src=\"https:\/\/www.radiosudamericana.com\/notix\/multimedia\/imagenes\/fotos\/2020-04-21\/878867.jpg\" alt=\"foto: El pabell\u00f3n de los violadores es uno de los involucrados en el mot\u00edn\" \/><\/a><\/div>\n<\/div>\n<\/div>\n<p>&nbsp;<\/p>\n<div class=\"audios-desarrollo\">\n<div id=\"audio-1\">\n<div style=\"width: 848px;\" class=\"wp-video\"><video class=\"wp-video-shortcode\" id=\"video-38491-1\" width=\"848\" height=\"480\" preload=\"metadata\" controls=\"controls\"><source type=\"video\/mp4\" src=\"https:\/\/informateesquina.com\/wp-content\/uploads\/2020\/04\/presos-al-piso.mp4?_=1\" \/><a href=\"https:\/\/informateesquina.com\/wp-content\/uploads\/2020\/04\/presos-al-piso.mp4\">https:\/\/informateesquina.com\/wp-content\/uploads\/2020\/04\/presos-al-piso.mp4<\/a><\/video><\/div>\n<\/div>\n<\/div>\n<div class=\"cuerpo\">\n<p>Luis Bravo, subsecretario de seguridad, explic\u00f3 a Sudamericana que se enfrentaron dos pabellones,\u00a0<strong>uno de ellos el de los violadores\u00a0<\/strong>y cuando los penitenciarios intentaron apaciguar la pelea, fueron atacados. As\u00ed se origin\u00f3 el amotinamiento que termin\u00f3 con\u00a0un muerto y cerca de 11 heridos.<\/p>\n<p>\u201cComenzaron a salir facas, punzantes de madera y en uno de los enfrentamientos, denuncian los propios internos que hab\u00eda una persona que estaba tirada. Una persona que fue sorprendida seguramente en una emboscada y que fue sorprendida por los propios internos, como un ajuste de cuentas pr\u00e1cticamente en un sector que es muy dif\u00edcil de llegar y que estaba copado por ellos. Cuando llegamos ya estaba muerto porque recibi\u00f3 un puntazo en la axila izquierda, le provoco un sangrado por el que termin\u00f3 perdiendo la vida.<\/p>\n<p><strong>EL MIEDO AL CORONAVIRUS EN LAS C\u00c1RCELES<\/strong><\/p>\n<p>Esta ma\u00f1ana los internos realizaban una huelga de hambre para pedir que la poblaci\u00f3n de riesgo pueda ir a su casa a cumplir la cuarentena, por temor a contagiarse de coronavirus. Ayer Radio Sudamericana hab\u00eda entrevistado a\u00a0Hilda Presman, referente de Derechos Humanos, quien hab\u00eda alertado respecto a la sobrepoblaci\u00f3n en las c\u00e1rceles y el peligro de contagio.\u00a0Tambi\u00e9n mencion\u00f3 la posibilidad de que los internos que est\u00e9n cerca de cumplir su condena puedan salir antes o que puedan acceder antes a la prisi\u00f3n domiciliaria.<\/p>\n<p>Pese a estos antecedentes, el subsecretario de seguridad neg\u00f3\u00a0que ese haya sido el motivo del mot\u00edn. \u201cEntiendo que esto es producto del clima que estamos viviendo, por otro lado la rivalidad entre pabellones existi\u00f3 siempre&#8221;, dijo.<\/p>\n<p>\u201cNos toma de sorpresa porque nosotros est\u00e1bamos negociando con los delegados de pabellones para que se levante la huelga de hambre, muchos de ellos estaban todav\u00eda en la negativa \u00a0ya que no le estaban dando la libertad a las personas que eran muy \u00a0vulnerables al COVID19\u201d.<\/p>\n<p>Bravo destac\u00f3 que algunos de los que estaban haciendo huelga de hambre participaron del mot\u00edn y otros no. \u201cEl clima en el estado emocional de ellos no es el mejor, el temor existe, temen a que puedan terminar contagiados los que son m\u00e1s vulnerables.\u00a0<strong>La salud de ellos no depende de nosotros, depende de\u00a0 la justicia,<\/strong>\u00a0el Juzgado de Ejecuci\u00f3n de Condena es quien tiene que resolver que los m\u00e1s vulnerables est\u00e9n afuera\u201d.<\/p>\n<p>Finalmente coment\u00f3 que ya se hicieron traslados de internos a la Unidad N\u00ba 6 para intentar calmar las cosas en la Unidad Penal N\u00ba1.<\/p>\n<p>FUENTE: RADIO SUDAMERICANA<\/p>\n<\/div>\n","protected":false},"excerpt":{"rendered":"<p>Luis Bravo, subsecretario de seguridad, encargado de la Unidad Penal N\u00ba 1 habl\u00f3 con Radio Sudamericana y cont\u00f3 detalles de lo que fue el mot\u00edn que se desat\u00f3 en horas de la siesta. &nbsp; &nbsp; Luis Bravo, subsecretario de seguridad, explic\u00f3 a Sudamericana que se enfrentaron dos pabellones,\u00a0uno de ellos el de los violadores\u00a0y cuando [&hellip;]<\/p>\n","protected":false},"author":1,"featured_media":38493,"comment_status":"closed","ping_status":"closed","sticky":false,"template":"","format":"standard","meta":{"footnotes":""},"categories":[8],"tags":[136],"class_list":["post-38491","post","type-post","status-publish","format-standard","has-post-thumbnail","hentry","category-policiales","tag-destacados"],"_links":{"self":[{"href":"http:\/\/informateesquina.com\/index.php?rest_route=\/wp\/v2\/posts\/38491","targetHints":{"allow":["GET"]}}],"collection":[{"href":"http:\/\/informateesquina.com\/index.php?rest_route=\/wp\/v2\/posts"}],"about":[{"href":"http:\/\/informateesquina.com\/index.php?rest_route=\/wp\/v2\/types\/post"}],"author":[{"embeddable":true,"href":"http:\/\/informateesquina.com\/index.php?rest_route=\/wp\/v2\/users\/1"}],"replies":[{"embeddable":true,"href":"http:\/\/informateesquina.com\/index.php?rest_route=%2Fwp%2Fv2%2Fcomments&post=38491"}],"version-history":[{"count":0,"href":"http:\/\/informateesquina.com\/index.php?rest_route=\/wp\/v2\/posts\/38491\/revisions"}],"wp:featuredmedia":[{"embeddable":true,"href":"http:\/\/informateesquina.com\/index.php?rest_route=\/"}],"wp:attachment":[{"href":"http:\/\/informateesquina.com\/index.php?rest_route=%2Fwp%2Fv2%2Fmedia&parent=38491"}],"wp:term":[{"taxonomy":"category","embeddable":true,"href":"http:\/\/informateesquina.com\/index.php?rest_route=%2Fwp%2Fv2%2Fcategories&post=38491"},{"taxonomy":"post_tag","embeddable":true,"href":"http:\/\/informateesquina.com\/index.php?rest_route=%2Fwp%2Fv2%2Ftags&post=38491"}],"curies":[{"name":"wp","href":"https:\/\/api.w.org\/{rel}","templated":true}]}}